{"id":10901,"date":"2019-05-18T09:02:55","date_gmt":"2019-05-18T09:02:55","guid":{"rendered":"https:\/\/paolobigelli.com\/progressive-un-viaggio-nella-musica-degli-anni-70\/"},"modified":"2019-05-18T09:02:55","modified_gmt":"2019-05-18T09:02:55","slug":"progressive-un-viaggio-nella-musica-degli-anni-70","status":"publish","type":"post","link":"https:\/\/www.paolobigelli.com\/pt-pt\/progressive-un-viaggio-nella-musica-degli-anni-70\/","title":{"rendered":"Progressive (un viaggio nella musica degli anni &#8217;70)"},"content":{"rendered":"<figure class=\"wp-block-image size-large\"><img decoding=\"async\" src=\"https:\/\/www.paolobigelli.com\/wp-content\/uploads\/2020\/12\/invito-mostra-progressive-paolobigelli-1024x512.jpg\" alt=\"\" class=\"wp-image-10048\"\/><\/figure><p><strong>2019, Roma<\/strong>:<br><em>Il Laboratorio, Via del Moro, 49<\/em><br><strong>Progressive (un viaggio nella musica degli anni &#8217;70)<\/strong>&nbsp;&#8211; Personale<br>fino al 23 giugno 2019 &#8211; orari 15:30\/20:30<\/p><p class=\"didascalia\"><em>Tanta letteratura ha spesso raccontato la figura dell\u2019\u201dartista\u201d come quella di un essere in un certo modo originale nei costumi e nel pensiero, di volta in volta tormentato o gaudente e questo concetto \u00e8 forse divenuto un facile riferimento dell\u2019immaginario collettivo. Pi\u00f9 semplicemente, invece, la sua creativit\u00e0 \u00e8 spesso soltanto frutto di un \u2018attenzione spontanea verso i dettagli, di una particolare osservazione di ci\u00f2 che ci circonda: un segnale, quasi un presentimento capaci, poi, di trasformarsi facilmente nella successiva ispirazione.<br>\u201cDa dove ha tratto ispirazione per questa opera?\u201d \u00e8, infatti, una delle domande pi\u00f9 frequenti che vengono rivolte ad un artista e alla quale le risposte non possono che essere molteplici: una frase di una poesia o di un romanzo, una notizia, un\u2019immagine, un ricordo, una musica&#8230;<br>Ed \u00e8, oggi, proprio dalla musica\u2026. E pi\u00f9 precisamente dal genere \u201cprogressive\u201d degli anni \u201970, fonte costante di immagini e sensazioni nella mia giovinezza, che \u00e8 nata l\u2019ispirazione per ciascuna delle opere che ho realizzato per questa mia nuova mostra. Un tributo alla poesia di quei tempi, quando insieme agli amici in una camera o sul divano \u201cbuono\u201d di casa si \u201cviaggiava\u201d ascoltando l\u2019ultimo long-playing\u201d del gruppo\u201d preferito.<\/em><\/p>","protected":false},"excerpt":{"rendered":"<p>2019, Roma:Il Laboratorio, Via del Moro, 49Progressive (un viaggio nella musica degli anni &#8217;70)&nbsp;&#8211; Personalefino al 23 giugno 2019 &#8211; orari 15:30\/20:30 Tanta letteratura ha spesso raccontato la figura dell\u2019\u201dartista\u201d come quella di un essere in un certo modo originale nei costumi e nel pensiero, di volta in volta tormentato o gaudente e questo concetto &hellip;<\/p>\n","protected":false},"author":1,"featured_media":10048,"comment_status":"open","ping_status":"closed","sticky":false,"template":"","format":"standard","meta":{"_genesis_hide_title":false,"_genesis_hide_breadcrumbs":false,"_genesis_hide_singular_image":false,"_genesis_hide_footer_widgets":false,"_genesis_custom_body_class":"","_genesis_custom_post_class":"","_genesis_layout":"","_jetpack_newsletter_access":"","_jetpack_dont_email_post_to_subs":false,"_jetpack_newsletter_tier_id":0,"_jetpack_memberships_contains_paywalled_content":false,"_jetpack_memberships_contains_paid_content":false,"footnotes":""},"categories":[1165],"tags":[],"yoast_head":"<!-- This site is optimized with the Yoast SEO plugin v23.8 - https:\/\/yoast.com\/wordpress\/plugins\/seo\/ -->\n<title>Progressive (un viaggio nella musica degli anni &#039;70) - Paolo Bigelli<\/title>\n<meta name=\"robots\" content=\"index, follow, max-snippet:-1, max-image-preview:large, max-video-preview:-1\" \/>\n<link rel=\"canonical\" href=\"https:\/\/www.paolobigelli.com\/pt-pt\/progressive-un-viaggio-nella-musica-degli-anni-70\/\" \/>\n<meta property=\"og:locale\" content=\"pt_PT\" \/>\n<meta property=\"og:type\" content=\"article\" \/>\n<meta property=\"og:title\" content=\"Progressive (un viaggio nella musica degli anni &#039;70) - Paolo Bigelli\" \/>\n<meta property=\"og:description\" content=\"2019, Roma:Il Laboratorio, Via del Moro, 49Progressive (un viaggio nella musica degli anni &#8217;70)&nbsp;&#8211; Personalefino al 23 giugno 2019 &#8211; orari 15:30\/20:30 Tanta letteratura ha spesso raccontato la figura dell\u2019\u201dartista\u201d come quella di un essere in un certo modo originale nei costumi e nel pensiero, di volta in volta tormentato o gaudente e questo concetto &hellip;\" \/>\n<meta property=\"og:url\" content=\"https:\/\/www.paolobigelli.com\/pt-pt\/progressive-un-viaggio-nella-musica-degli-anni-70\/\" \/>\n<meta property=\"og:site_name\" content=\"Paolo Bigelli\" \/>\n<meta property=\"article:publisher\" content=\"https:\/\/www.facebook.com\/pbigelli\/\" \/>\n<meta property=\"article:published_time\" content=\"2019-05-18T09:02:55+00:00\" \/>\n<meta property=\"og:image\" content=\"https:\/\/www.paolobigelli.com\/wp-content\/uploads\/2020\/12\/invito-mostra-progressive-paolobigelli.jpg\" \/>\n\t<meta property=\"og:image:width\" content=\"2552\" \/>\n\t<meta property=\"og:image:height\" content=\"1275\" \/>\n\t<meta property=\"og:image:type\" content=\"image\/jpeg\" \/>\n<meta name=\"author\" content=\"Paolo Bigelli\" \/>\n<meta name=\"twitter:card\" content=\"summary_large_image\" \/>\n<meta name=\"twitter:label1\" content=\"Written by\" \/>\n\t<meta name=\"twitter:data1\" content=\"Paolo Bigelli\" \/>\n\t<meta name=\"twitter:label2\" content=\"Est. reading time\" \/>\n\t<meta name=\"twitter:data2\" content=\"1 minute\" \/>\n<script type=\"application\/ld+json\" class=\"yoast-schema-graph\">{\"@context\":\"https:\/\/schema.org\",\"@graph\":[{\"@type\":\"Article\",\"@id\":\"https:\/\/www.paolobigelli.com\/pt-pt\/progressive-un-viaggio-nella-musica-degli-anni-70\/#article\",\"isPartOf\":{\"@id\":\"https:\/\/www.paolobigelli.com\/pt-pt\/progressive-un-viaggio-nella-musica-degli-anni-70\/\"},\"author\":{\"name\":\"Paolo Bigelli\",\"@id\":\"https:\/\/www.paolobigelli.com\/pt-pt\/#\/schema\/person\/3e4da24192ba0a889a59c69334eb2308\"},\"headline\":\"Progressive (un viaggio nella musica degli anni &#8217;70)\",\"datePublished\":\"2019-05-18T09:02:55+00:00\",\"dateModified\":\"2019-05-18T09:02:55+00:00\",\"mainEntityOfPage\":{\"@id\":\"https:\/\/www.paolobigelli.com\/pt-pt\/progressive-un-viaggio-nella-musica-degli-anni-70\/\"},\"wordCount\":221,\"commentCount\":0,\"publisher\":{\"@id\":\"https:\/\/www.paolobigelli.com\/pt-pt\/#organization\"},\"image\":{\"@id\":\"https:\/\/www.paolobigelli.com\/pt-pt\/progressive-un-viaggio-nella-musica-degli-anni-70\/#primaryimage\"},\"thumbnailUrl\":\"https:\/\/www.paolobigelli.com\/wp-content\/uploads\/2020\/12\/invito-mostra-progressive-paolobigelli.jpg\",\"articleSection\":[\"Progetti\"],\"inLanguage\":\"pt-PT\",\"potentialAction\":[{\"@type\":\"CommentAction\",\"name\":\"Comment\",\"target\":[\"https:\/\/www.paolobigelli.com\/pt-pt\/progressive-un-viaggio-nella-musica-degli-anni-70\/#respond\"]}]},{\"@type\":\"WebPage\",\"@id\":\"https:\/\/www.paolobigelli.com\/pt-pt\/progressive-un-viaggio-nella-musica-degli-anni-70\/\",\"url\":\"https:\/\/www.paolobigelli.com\/pt-pt\/progressive-un-viaggio-nella-musica-degli-anni-70\/\",\"name\":\"Progressive (un viaggio nella musica degli anni '70) - Paolo Bigelli\",\"isPartOf\":{\"@id\":\"https:\/\/www.paolobigelli.com\/pt-pt\/#website\"},\"primaryImageOfPage\":{\"@id\":\"https:\/\/www.paolobigelli.com\/pt-pt\/progressive-un-viaggio-nella-musica-degli-anni-70\/#primaryimage\"},\"image\":{\"@id\":\"https:\/\/www.paolobigelli.com\/pt-pt\/progressive-un-viaggio-nella-musica-degli-anni-70\/#primaryimage\"},\"thumbnailUrl\":\"https:\/\/www.paolobigelli.com\/wp-content\/uploads\/2020\/12\/invito-mostra-progressive-paolobigelli.jpg\",\"datePublished\":\"2019-05-18T09:02:55+00:00\",\"dateModified\":\"2019-05-18T09:02:55+00:00\",\"breadcrumb\":{\"@id\":\"https:\/\/www.paolobigelli.com\/pt-pt\/progressive-un-viaggio-nella-musica-degli-anni-70\/#breadcrumb\"},\"inLanguage\":\"pt-PT\",\"potentialAction\":[{\"@type\":\"ReadAction\",\"target\":[\"https:\/\/www.paolobigelli.com\/pt-pt\/progressive-un-viaggio-nella-musica-degli-anni-70\/\"]}]},{\"@type\":\"ImageObject\",\"inLanguage\":\"pt-PT\",\"@id\":\"https:\/\/www.paolobigelli.com\/pt-pt\/progressive-un-viaggio-nella-musica-degli-anni-70\/#primaryimage\",\"url\":\"https:\/\/www.paolobigelli.com\/wp-content\/uploads\/2020\/12\/invito-mostra-progressive-paolobigelli.jpg\",\"contentUrl\":\"https:\/\/www.paolobigelli.com\/wp-content\/uploads\/2020\/12\/invito-mostra-progressive-paolobigelli.jpg\",\"width\":2552,\"height\":1275},{\"@type\":\"BreadcrumbList\",\"@id\":\"https:\/\/www.paolobigelli.com\/pt-pt\/progressive-un-viaggio-nella-musica-degli-anni-70\/#breadcrumb\",\"itemListElement\":[{\"@type\":\"ListItem\",\"position\":1,\"name\":\"Home\",\"item\":\"https:\/\/www.paolobigelli.com\/pt-pt\/\"},{\"@type\":\"ListItem\",\"position\":2,\"name\":\"Progressive (un viaggio nella musica degli anni &#8217;70)\"}]},{\"@type\":\"WebSite\",\"@id\":\"https:\/\/www.paolobigelli.com\/pt-pt\/#website\",\"url\":\"https:\/\/www.paolobigelli.com\/pt-pt\/\",\"name\":\"Paolo Bigelli\",\"description\":\"Pittore in Roma\",\"publisher\":{\"@id\":\"https:\/\/www.paolobigelli.com\/pt-pt\/#organization\"},\"potentialAction\":[{\"@type\":\"SearchAction\",\"target\":{\"@type\":\"EntryPoint\",\"urlTemplate\":\"https:\/\/www.paolobigelli.com\/pt-pt\/?s={search_term_string}\"},\"query-input\":{\"@type\":\"PropertyValueSpecification\",\"valueRequired\":true,\"valueName\":\"search_term_string\"}}],\"inLanguage\":\"pt-PT\"},{\"@type\":\"Organization\",\"@id\":\"https:\/\/www.paolobigelli.com\/pt-pt\/#organization\",\"name\":\"Paolo Bigelli\",\"url\":\"https:\/\/www.paolobigelli.com\/pt-pt\/\",\"logo\":{\"@type\":\"ImageObject\",\"inLanguage\":\"pt-PT\",\"@id\":\"https:\/\/www.paolobigelli.com\/pt-pt\/#\/schema\/logo\/image\/\",\"url\":\"https:\/\/www.paolobigelli.com\/wp-content\/uploads\/2020\/12\/logo2.png\",\"contentUrl\":\"https:\/\/www.paolobigelli.com\/wp-content\/uploads\/2020\/12\/logo2.png\",\"width\":200,\"height\":100,\"caption\":\"Paolo Bigelli\"},\"image\":{\"@id\":\"https:\/\/www.paolobigelli.com\/pt-pt\/#\/schema\/logo\/image\/\"},\"sameAs\":[\"https:\/\/www.facebook.com\/pbigelli\/\"]},{\"@type\":\"Person\",\"@id\":\"https:\/\/www.paolobigelli.com\/pt-pt\/#\/schema\/person\/3e4da24192ba0a889a59c69334eb2308\",\"name\":\"Paolo Bigelli\",\"image\":{\"@type\":\"ImageObject\",\"inLanguage\":\"pt-PT\",\"@id\":\"https:\/\/www.paolobigelli.com\/pt-pt\/#\/schema\/person\/image\/\",\"url\":\"https:\/\/secure.gravatar.com\/avatar\/01ee7ce54c2b1955693f4a95d581c48d?s=96&d=mm&r=g\",\"contentUrl\":\"https:\/\/secure.gravatar.com\/avatar\/01ee7ce54c2b1955693f4a95d581c48d?s=96&d=mm&r=g\",\"caption\":\"Paolo Bigelli\"},\"sameAs\":[\"https:\/\/www.paolobigelli.com\"],\"url\":\"https:\/\/www.paolobigelli.com\/pt-pt\/author\/samanta\/\"}]}<\/script>\n<!-- \/ Yoast SEO plugin. -->","yoast_head_json":{"title":"Progressive (un viaggio nella musica degli anni '70) - Paolo Bigelli","robots":{"index":"index","follow":"follow","max-snippet":"max-snippet:-1","max-image-preview":"max-image-preview:large","max-video-preview":"max-video-preview:-1"},"canonical":"https:\/\/www.paolobigelli.com\/pt-pt\/progressive-un-viaggio-nella-musica-degli-anni-70\/","og_locale":"pt_PT","og_type":"article","og_title":"Progressive (un viaggio nella musica degli anni '70) - Paolo Bigelli","og_description":"2019, Roma:Il Laboratorio, Via del Moro, 49Progressive (un viaggio nella musica degli anni &#8217;70)&nbsp;&#8211; Personalefino al 23 giugno 2019 &#8211; orari 15:30\/20:30 Tanta letteratura ha spesso raccontato la figura dell\u2019\u201dartista\u201d come quella di un essere in un certo modo originale nei costumi e nel pensiero, di volta in volta tormentato o gaudente e questo concetto &hellip;","og_url":"https:\/\/www.paolobigelli.com\/pt-pt\/progressive-un-viaggio-nella-musica-degli-anni-70\/","og_site_name":"Paolo Bigelli","article_publisher":"https:\/\/www.facebook.com\/pbigelli\/","article_published_time":"2019-05-18T09:02:55+00:00","og_image":[{"width":2552,"height":1275,"url":"https:\/\/www.paolobigelli.com\/wp-content\/uploads\/2020\/12\/invito-mostra-progressive-paolobigelli.jpg","type":"image\/jpeg"}],"author":"Paolo Bigelli","twitter_card":"summary_large_image","twitter_misc":{"Written by":"Paolo Bigelli","Est. reading time":"1 minute"},"schema":{"@context":"https:\/\/schema.org","@graph":[{"@type":"Article","@id":"https:\/\/www.paolobigelli.com\/pt-pt\/progressive-un-viaggio-nella-musica-degli-anni-70\/#article","isPartOf":{"@id":"https:\/\/www.paolobigelli.com\/pt-pt\/progressive-un-viaggio-nella-musica-degli-anni-70\/"},"author":{"name":"Paolo Bigelli","@id":"https:\/\/www.paolobigelli.com\/pt-pt\/#\/schema\/person\/3e4da24192ba0a889a59c69334eb2308"},"headline":"Progressive (un viaggio nella musica degli anni &#8217;70)","datePublished":"2019-05-18T09:02:55+00:00","dateModified":"2019-05-18T09:02:55+00:00","mainEntityOfPage":{"@id":"https:\/\/www.paolobigelli.com\/pt-pt\/progressive-un-viaggio-nella-musica-degli-anni-70\/"},"wordCount":221,"commentCount":0,"publisher":{"@id":"https:\/\/www.paolobigelli.com\/pt-pt\/#organization"},"image":{"@id":"https:\/\/www.paolobigelli.com\/pt-pt\/progressive-un-viaggio-nella-musica-degli-anni-70\/#primaryimage"},"thumbnailUrl":"https:\/\/www.paolobigelli.com\/wp-content\/uploads\/2020\/12\/invito-mostra-progressive-paolobigelli.jpg","articleSection":["Progetti"],"inLanguage":"pt-PT","potentialAction":[{"@type":"CommentAction","name":"Comment","target":["https:\/\/www.paolobigelli.com\/pt-pt\/progressive-un-viaggio-nella-musica-degli-anni-70\/#respond"]}]},{"@type":"WebPage","@id":"https:\/\/www.paolobigelli.com\/pt-pt\/progressive-un-viaggio-nella-musica-degli-anni-70\/","url":"https:\/\/www.paolobigelli.com\/pt-pt\/progressive-un-viaggio-nella-musica-degli-anni-70\/","name":"Progressive (un viaggio nella musica degli anni '70) - Paolo Bigelli","isPartOf":{"@id":"https:\/\/www.paolobigelli.com\/pt-pt\/#website"},"primaryImageOfPage":{"@id":"https:\/\/www.paolobigelli.com\/pt-pt\/progressive-un-viaggio-nella-musica-degli-anni-70\/#primaryimage"},"image":{"@id":"https:\/\/www.paolobigelli.com\/pt-pt\/progressive-un-viaggio-nella-musica-degli-anni-70\/#primaryimage"},"thumbnailUrl":"https:\/\/www.paolobigelli.com\/wp-content\/uploads\/2020\/12\/invito-mostra-progressive-paolobigelli.jpg","datePublished":"2019-05-18T09:02:55+00:00","dateModified":"2019-05-18T09:02:55+00:00","breadcrumb":{"@id":"https:\/\/www.paolobigelli.com\/pt-pt\/progressive-un-viaggio-nella-musica-degli-anni-70\/#breadcrumb"},"inLanguage":"pt-PT","potentialAction":[{"@type":"ReadAction","target":["https:\/\/www.paolobigelli.com\/pt-pt\/progressive-un-viaggio-nella-musica-degli-anni-70\/"]}]},{"@type":"ImageObject","inLanguage":"pt-PT","@id":"https:\/\/www.paolobigelli.com\/pt-pt\/progressive-un-viaggio-nella-musica-degli-anni-70\/#primaryimage","url":"https:\/\/www.paolobigelli.com\/wp-content\/uploads\/2020\/12\/invito-mostra-progressive-paolobigelli.jpg","contentUrl":"https:\/\/www.paolobigelli.com\/wp-content\/uploads\/2020\/12\/invito-mostra-progressive-paolobigelli.jpg","width":2552,"height":1275},{"@type":"BreadcrumbList","@id":"https:\/\/www.paolobigelli.com\/pt-pt\/progressive-un-viaggio-nella-musica-degli-anni-70\/#breadcrumb","itemListElement":[{"@type":"ListItem","position":1,"name":"Home","item":"https:\/\/www.paolobigelli.com\/pt-pt\/"},{"@type":"ListItem","position":2,"name":"Progressive (un viaggio nella musica degli anni &#8217;70)"}]},{"@type":"WebSite","@id":"https:\/\/www.paolobigelli.com\/pt-pt\/#website","url":"https:\/\/www.paolobigelli.com\/pt-pt\/","name":"Paolo Bigelli","description":"Pittore in Roma","publisher":{"@id":"https:\/\/www.paolobigelli.com\/pt-pt\/#organization"},"potentialAction":[{"@type":"SearchAction","target":{"@type":"EntryPoint","urlTemplate":"https:\/\/www.paolobigelli.com\/pt-pt\/?s={search_term_string}"},"query-input":{"@type":"PropertyValueSpecification","valueRequired":true,"valueName":"search_term_string"}}],"inLanguage":"pt-PT"},{"@type":"Organization","@id":"https:\/\/www.paolobigelli.com\/pt-pt\/#organization","name":"Paolo Bigelli","url":"https:\/\/www.paolobigelli.com\/pt-pt\/","logo":{"@type":"ImageObject","inLanguage":"pt-PT","@id":"https:\/\/www.paolobigelli.com\/pt-pt\/#\/schema\/logo\/image\/","url":"https:\/\/www.paolobigelli.com\/wp-content\/uploads\/2020\/12\/logo2.png","contentUrl":"https:\/\/www.paolobigelli.com\/wp-content\/uploads\/2020\/12\/logo2.png","width":200,"height":100,"caption":"Paolo Bigelli"},"image":{"@id":"https:\/\/www.paolobigelli.com\/pt-pt\/#\/schema\/logo\/image\/"},"sameAs":["https:\/\/www.facebook.com\/pbigelli\/"]},{"@type":"Person","@id":"https:\/\/www.paolobigelli.com\/pt-pt\/#\/schema\/person\/3e4da24192ba0a889a59c69334eb2308","name":"Paolo Bigelli","image":{"@type":"ImageObject","inLanguage":"pt-PT","@id":"https:\/\/www.paolobigelli.com\/pt-pt\/#\/schema\/person\/image\/","url":"https:\/\/secure.gravatar.com\/avatar\/01ee7ce54c2b1955693f4a95d581c48d?s=96&d=mm&r=g","contentUrl":"https:\/\/secure.gravatar.com\/avatar\/01ee7ce54c2b1955693f4a95d581c48d?s=96&d=mm&r=g","caption":"Paolo Bigelli"},"sameAs":["https:\/\/www.paolobigelli.com"],"url":"https:\/\/www.paolobigelli.com\/pt-pt\/author\/samanta\/"}]}},"jetpack_sharing_enabled":true,"jetpack_featured_media_url":"https:\/\/www.paolobigelli.com\/wp-content\/uploads\/2020\/12\/invito-mostra-progressive-paolobigelli.jpg","_links":{"self":[{"href":"https:\/\/www.paolobigelli.com\/pt-pt\/wp-json\/wp\/v2\/posts\/10901"}],"collection":[{"href":"https:\/\/www.paolobigelli.com\/pt-pt\/wp-json\/wp\/v2\/posts"}],"about":[{"href":"https:\/\/www.paolobigelli.com\/pt-pt\/wp-json\/wp\/v2\/types\/post"}],"author":[{"embeddable":true,"href":"https:\/\/www.paolobigelli.com\/pt-pt\/wp-json\/wp\/v2\/users\/1"}],"replies":[{"embeddable":true,"href":"https:\/\/www.paolobigelli.com\/pt-pt\/wp-json\/wp\/v2\/comments?post=10901"}],"version-history":[{"count":0,"href":"https:\/\/www.paolobigelli.com\/pt-pt\/wp-json\/wp\/v2\/posts\/10901\/revisions"}],"wp:featuredmedia":[{"embeddable":true,"href":"https:\/\/www.paolobigelli.com\/pt-pt\/wp-json\/wp\/v2\/media\/10048"}],"wp:attachment":[{"href":"https:\/\/www.paolobigelli.com\/pt-pt\/wp-json\/wp\/v2\/media?parent=10901"}],"wp:term":[{"taxonomy":"category","embeddable":true,"href":"https:\/\/www.paolobigelli.com\/pt-pt\/wp-json\/wp\/v2\/categories?post=10901"},{"taxonomy":"post_tag","embeddable":true,"href":"https:\/\/www.paolobigelli.com\/pt-pt\/wp-json\/wp\/v2\/tags?post=10901"}],"curies":[{"name":"wp","href":"https:\/\/api.w.org\/{rel}","templated":true}]}}