{"id":10893,"date":"2020-11-18T15:33:05","date_gmt":"2020-11-18T15:33:05","guid":{"rendered":"https:\/\/paolobigelli.com\/vom-zauber-eines-buches-paolo-bigelli-dialoge-mit-dem-imaginaren\/"},"modified":"2020-11-18T15:33:05","modified_gmt":"2020-11-18T15:33:05","slug":"vom-zauber-eines-buches-paolo-bigelli-dialoge-mit-dem-imaginaren","status":"publish","type":"post","link":"https:\/\/www.paolobigelli.com\/pt-pt\/vom-zauber-eines-buches-paolo-bigelli-dialoge-mit-dem-imaginaren\/","title":{"rendered":"Vom Zauber eines Buches. Paolo Bigelli: Dialoge mit dem Imagin\u00e4ren"},"content":{"rendered":"<p><strong>The magic of books.<\/strong><br><strong>Paolo Bigelli: Dialogues with the imaginary<\/strong><br>The roman painter and illustrator Paolo Bigelli (born 1960) belongs with his works to a contemporary international art movement, that opens in paintings a magical world experience with imaginative dialogues out of art history. His works offer numerous suggestions for the items featured in this WHAE field discussing bibliotherapy and the Memory of the World Register, since they draw attention to the close links between literary texts, poems and the resulting inner imagery and pictorial traditions.<br>Bigelli takes up in one of his latest work &#8220;Alma Flora&#8221; (2014) the subject of a book as an important medium of imagination and poetic associations.<\/p><p><strong>Vom Zauber eines Buches.<\/strong><br><strong>Paolo Bigelli: Dialoge mit dem Imagin\u00e4ren<\/strong><br>Der in Rom lebende und arbeitende Maler und Illustrator Paolo Bigelli (geb. 1960), geh\u00f6rt mit seinen Werken zu einer zeitgen\u00f6ssischen internationalen Kunststr\u00f6mung in der Malerei, die das magische Welterleben mit fantasiereichen Dialogen aus der Kunstgeschichte f\u00fcr die Gegenwart \u00f6ffnet. Seine Werke bieten f\u00fcr den in dieser WHAE vorgestellten Bereich der Bibliotherapie und dem Weltdokumentenerbe zahlreiche Anregungen, da sie auf die engen Verbindungen von literarischen Texten (so von antiken Schriftstellern), Gedichten und den dadurch entstehenden inneren Bildwelten und Bildtraditionen hinweisen.<br>Bigelli greift, wie auch schon in fr\u00fcheren Werken (Canario, 2011), mit einer seiner aktuellen Arbeiten \u201eAlmaflora\u201c (2014) das Motiv des Buches als ein zentrales Medium der Imagination und poetischer Assoziationen auf. Zwei feenartige Frauen im wei\u00dfen Gewand ruhen auf der Bildfl\u00e4che in einem lichtdurchfluteten Zauberwald. Die linke Gestalt h\u00e4lt in der Hand ein schwarz gebundenes Buch. Sie k\u00f6nnte daraus zitieren, w\u00e4hrend ihre liegende Gef\u00e4hrtin einen blauen Schmetterling auf der Hand betrachtet. Es scheint die Kraft der Worte und Vorstellungen zu sein, die den Schmetterling herbeibeschw\u00f6rt. Die lose Leinwand des gro\u00dfformatigen Gem\u00e4ldes ist an schwarzen Bildleisten befestigt und wirkt wie eine gro\u00dfe M\u00e4rchenkarte, die in ein reiches mythisches Universum einf\u00fchrt.<br>Der K\u00fcnstler Paolo Bigelli setzt seine komplexen und virtuosen Kenntnisse in den Ausdrucksm\u00f6glichkeiten der Zeichnung, der Illustration und der Malerei ein, um die Motivspektren durch die Gestaltung eines neuen, flie\u00dfenden und zugleich gro\u00dffl\u00e4chigen, b\u00fchnenhaften Bildraumes zu \u00f6ffnen. Mit einem fast metaphysischen Verst\u00e4ndnis von Farbkl\u00e4ngen, Hell-Dunkel Kontrasten und gestischer Linienf\u00fchrung mischt Bigelli Themen der globalen Popul\u00e4rkultur, aus Filmen, Plakaten wie aus M\u00e4rchen zu innovativen Erz\u00e4hlungen. Er bereichert seine Bilder mit Zitaten aus Werken der Antike sowie aus dem kollektiven Bilderschatz verschiedener Kunstepochen und dem seiner Lieblingsk\u00fcnstler (Paul Gauguin wie auch Peter Doig), so dass seine Erz\u00e4hlungen den Betrachtenden zugleich vertraut wie r\u00e4tselhaft erscheinen. Ebenso nah wie fern sind auch die Orte, in denen sich die Bildhandlungen entfalten, sie verweisen auf keine konkreten topographischen Zuordnungen, sondern auf innere Bildwelten, die aus dem Unterbewusstsein auftauchen. Die \u201ewilde\u201c und zugleich sinnliche Stilmischung der Arbeiten wird erg\u00e4nzt durch dekorative Elemente, beispielsweise Tapetenmotive, Ornamente portugiesischer Fliesen und in die Bildebenen hinein wuchernde fantastische Bl\u00fcten und Pflanzen.<br>Bigellis Arbeiten formulieren aber auch in ihrer Unmittelbarkeit und intensiven Wirkung eine \u00e4sthetische Form von Widerstand. In einer Welt globalisierter Mythen und digitaler Perfektion entwirft er mit seinen Bild Strategien, direkt und \u00fcberw\u00e4ltigend, seine eigenen Tagtr\u00e4ume und pers\u00f6nlichen Mythen, &#8211; und verwebt sie mit dem Reichtum der kulturellen Traditionen seiner Heimatstadt Rom. Dies zeigt sich unter anderem auch darin, dass die Gem\u00e4lde durch Fotografien nur bedingt kommuniziert werden k\u00f6nnen. Die feinen Schichten und atmosph\u00e4rischen Lasuren entziehen sich dieser Form der medialen Vermittlung.<br>Im Dezember 2016 stellte die Galerie des Istituto Portoghese di Sant&#8217;Antonio, Rom, eine Auswahl seiner neuesten Gem\u00e4lde, Zeichnungen und Skulpturen vor. In Frankreich, Portugal, Spanien, Deutschland, Gro\u00dfbritannien, Slowenien, \u00d6sterreich, Kroatien, Brasilien, Mexiko und den Vereinigten Staaten sind Bigellis Arbeiten bereits in wichtigen Sammlungen vertreten.<\/p><p class=\"has-text-align-right\"><strong><em>Jutta Str\u00f6ter-Bender<\/em><\/strong><\/p>","protected":false},"excerpt":{"rendered":"<p>The magic of books.Paolo Bigelli: Dialogues with the imaginaryThe roman painter and illustrator Paolo Bigelli (born 1960) belongs with his works to a contemporary international art movement, that opens in paintings a magical world experience with imaginative dialogues out of art history. His works offer numerous suggestions for the items featured in this WHAE field &hellip;<\/p>\n","protected":false},"author":1,"featured_media":9997,"comment_status":"open","ping_status":"closed","sticky":false,"template":"","format":"standard","meta":{"_genesis_hide_title":false,"_genesis_hide_breadcrumbs":false,"_genesis_hide_singular_image":false,"_genesis_hide_footer_widgets":false,"_genesis_custom_body_class":"","_genesis_custom_post_class":"","_genesis_layout":"","_jetpack_newsletter_access":"","_jetpack_dont_email_post_to_subs":false,"_jetpack_newsletter_tier_id":0,"_jetpack_memberships_contains_paywalled_content":false,"_jetpack_memberships_contains_paid_content":false,"footnotes":""},"categories":[366],"tags":[],"yoast_head":"<!-- This site is optimized with the Yoast SEO plugin v23.8 - https:\/\/yoast.com\/wordpress\/plugins\/seo\/ -->\n<title>Vom Zauber eines Buches. Paolo Bigelli: Dialoge mit dem Imagin\u00e4ren - Paolo Bigelli<\/title>\n<meta name=\"robots\" content=\"index, follow, max-snippet:-1, max-image-preview:large, max-video-preview:-1\" \/>\n<link rel=\"canonical\" href=\"https:\/\/www.paolobigelli.com\/pt-pt\/vom-zauber-eines-buches-paolo-bigelli-dialoge-mit-dem-imaginaren\/\" \/>\n<meta property=\"og:locale\" content=\"pt_PT\" \/>\n<meta property=\"og:type\" content=\"article\" \/>\n<meta property=\"og:title\" content=\"Vom Zauber eines Buches. Paolo Bigelli: Dialoge mit dem Imagin\u00e4ren - Paolo Bigelli\" \/>\n<meta property=\"og:description\" content=\"The magic of books.Paolo Bigelli: Dialogues with the imaginaryThe roman painter and illustrator Paolo Bigelli (born 1960) belongs with his works to a contemporary international art movement, that opens in paintings a magical world experience with imaginative dialogues out of art history. His works offer numerous suggestions for the items featured in this WHAE field &hellip;\" \/>\n<meta property=\"og:url\" content=\"https:\/\/www.paolobigelli.com\/pt-pt\/vom-zauber-eines-buches-paolo-bigelli-dialoge-mit-dem-imaginaren\/\" \/>\n<meta property=\"og:site_name\" content=\"Paolo Bigelli\" \/>\n<meta property=\"article:publisher\" content=\"https:\/\/www.facebook.com\/pbigelli\/\" \/>\n<meta property=\"article:published_time\" content=\"2020-11-18T15:33:05+00:00\" \/>\n<meta property=\"og:image\" content=\"https:\/\/www.paolobigelli.com\/wp-content\/uploads\/2020\/12\/pexels-sam-jean-2218452-scaled.jpg\" \/>\n\t<meta property=\"og:image:width\" content=\"2560\" \/>\n\t<meta property=\"og:image:height\" content=\"1920\" \/>\n\t<meta property=\"og:image:type\" content=\"image\/jpeg\" \/>\n<meta name=\"author\" content=\"Paolo Bigelli\" \/>\n<meta name=\"twitter:card\" content=\"summary_large_image\" \/>\n<meta name=\"twitter:label1\" content=\"Written by\" \/>\n\t<meta name=\"twitter:data1\" content=\"Paolo Bigelli\" \/>\n\t<meta name=\"twitter:label2\" content=\"Est. reading time\" \/>\n\t<meta name=\"twitter:data2\" content=\"3 minutes\" \/>\n<script type=\"application\/ld+json\" class=\"yoast-schema-graph\">{\"@context\":\"https:\/\/schema.org\",\"@graph\":[{\"@type\":\"Article\",\"@id\":\"https:\/\/www.paolobigelli.com\/pt-pt\/vom-zauber-eines-buches-paolo-bigelli-dialoge-mit-dem-imaginaren\/#article\",\"isPartOf\":{\"@id\":\"https:\/\/www.paolobigelli.com\/pt-pt\/vom-zauber-eines-buches-paolo-bigelli-dialoge-mit-dem-imaginaren\/\"},\"author\":{\"name\":\"Paolo Bigelli\",\"@id\":\"https:\/\/www.paolobigelli.com\/pt-pt\/#\/schema\/person\/3e4da24192ba0a889a59c69334eb2308\"},\"headline\":\"Vom Zauber eines Buches. Paolo Bigelli: Dialoge mit dem Imagin\u00e4ren\",\"datePublished\":\"2020-11-18T15:33:05+00:00\",\"dateModified\":\"2020-11-18T15:33:05+00:00\",\"mainEntityOfPage\":{\"@id\":\"https:\/\/www.paolobigelli.com\/pt-pt\/vom-zauber-eines-buches-paolo-bigelli-dialoge-mit-dem-imaginaren\/\"},\"wordCount\":649,\"commentCount\":0,\"publisher\":{\"@id\":\"https:\/\/www.paolobigelli.com\/pt-pt\/#organization\"},\"image\":{\"@id\":\"https:\/\/www.paolobigelli.com\/pt-pt\/vom-zauber-eines-buches-paolo-bigelli-dialoge-mit-dem-imaginaren\/#primaryimage\"},\"thumbnailUrl\":\"https:\/\/www.paolobigelli.com\/wp-content\/uploads\/2020\/12\/pexels-sam-jean-2218452-scaled.jpg\",\"articleSection\":[\"Coment\u00e1rios\"],\"inLanguage\":\"pt-PT\",\"potentialAction\":[{\"@type\":\"CommentAction\",\"name\":\"Comment\",\"target\":[\"https:\/\/www.paolobigelli.com\/pt-pt\/vom-zauber-eines-buches-paolo-bigelli-dialoge-mit-dem-imaginaren\/#respond\"]}]},{\"@type\":\"WebPage\",\"@id\":\"https:\/\/www.paolobigelli.com\/pt-pt\/vom-zauber-eines-buches-paolo-bigelli-dialoge-mit-dem-imaginaren\/\",\"url\":\"https:\/\/www.paolobigelli.com\/pt-pt\/vom-zauber-eines-buches-paolo-bigelli-dialoge-mit-dem-imaginaren\/\",\"name\":\"Vom Zauber eines Buches. Paolo Bigelli: Dialoge mit dem Imagin\u00e4ren - Paolo Bigelli\",\"isPartOf\":{\"@id\":\"https:\/\/www.paolobigelli.com\/pt-pt\/#website\"},\"primaryImageOfPage\":{\"@id\":\"https:\/\/www.paolobigelli.com\/pt-pt\/vom-zauber-eines-buches-paolo-bigelli-dialoge-mit-dem-imaginaren\/#primaryimage\"},\"image\":{\"@id\":\"https:\/\/www.paolobigelli.com\/pt-pt\/vom-zauber-eines-buches-paolo-bigelli-dialoge-mit-dem-imaginaren\/#primaryimage\"},\"thumbnailUrl\":\"https:\/\/www.paolobigelli.com\/wp-content\/uploads\/2020\/12\/pexels-sam-jean-2218452-scaled.jpg\",\"datePublished\":\"2020-11-18T15:33:05+00:00\",\"dateModified\":\"2020-11-18T15:33:05+00:00\",\"breadcrumb\":{\"@id\":\"https:\/\/www.paolobigelli.com\/pt-pt\/vom-zauber-eines-buches-paolo-bigelli-dialoge-mit-dem-imaginaren\/#breadcrumb\"},\"inLanguage\":\"pt-PT\",\"potentialAction\":[{\"@type\":\"ReadAction\",\"target\":[\"https:\/\/www.paolobigelli.com\/pt-pt\/vom-zauber-eines-buches-paolo-bigelli-dialoge-mit-dem-imaginaren\/\"]}]},{\"@type\":\"ImageObject\",\"inLanguage\":\"pt-PT\",\"@id\":\"https:\/\/www.paolobigelli.com\/pt-pt\/vom-zauber-eines-buches-paolo-bigelli-dialoge-mit-dem-imaginaren\/#primaryimage\",\"url\":\"https:\/\/www.paolobigelli.com\/wp-content\/uploads\/2020\/12\/pexels-sam-jean-2218452-scaled.jpg\",\"contentUrl\":\"https:\/\/www.paolobigelli.com\/wp-content\/uploads\/2020\/12\/pexels-sam-jean-2218452-scaled.jpg\",\"width\":2560,\"height\":1920},{\"@type\":\"BreadcrumbList\",\"@id\":\"https:\/\/www.paolobigelli.com\/pt-pt\/vom-zauber-eines-buches-paolo-bigelli-dialoge-mit-dem-imaginaren\/#breadcrumb\",\"itemListElement\":[{\"@type\":\"ListItem\",\"position\":1,\"name\":\"Home\",\"item\":\"https:\/\/www.paolobigelli.com\/pt-pt\/\"},{\"@type\":\"ListItem\",\"position\":2,\"name\":\"Vom Zauber eines Buches. Paolo Bigelli: Dialoge mit dem Imagin\u00e4ren\"}]},{\"@type\":\"WebSite\",\"@id\":\"https:\/\/www.paolobigelli.com\/pt-pt\/#website\",\"url\":\"https:\/\/www.paolobigelli.com\/pt-pt\/\",\"name\":\"Paolo Bigelli\",\"description\":\"Pittore in Roma\",\"publisher\":{\"@id\":\"https:\/\/www.paolobigelli.com\/pt-pt\/#organization\"},\"potentialAction\":[{\"@type\":\"SearchAction\",\"target\":{\"@type\":\"EntryPoint\",\"urlTemplate\":\"https:\/\/www.paolobigelli.com\/pt-pt\/?s={search_term_string}\"},\"query-input\":{\"@type\":\"PropertyValueSpecification\",\"valueRequired\":true,\"valueName\":\"search_term_string\"}}],\"inLanguage\":\"pt-PT\"},{\"@type\":\"Organization\",\"@id\":\"https:\/\/www.paolobigelli.com\/pt-pt\/#organization\",\"name\":\"Paolo Bigelli\",\"url\":\"https:\/\/www.paolobigelli.com\/pt-pt\/\",\"logo\":{\"@type\":\"ImageObject\",\"inLanguage\":\"pt-PT\",\"@id\":\"https:\/\/www.paolobigelli.com\/pt-pt\/#\/schema\/logo\/image\/\",\"url\":\"https:\/\/www.paolobigelli.com\/wp-content\/uploads\/2020\/12\/logo2.png\",\"contentUrl\":\"https:\/\/www.paolobigelli.com\/wp-content\/uploads\/2020\/12\/logo2.png\",\"width\":200,\"height\":100,\"caption\":\"Paolo Bigelli\"},\"image\":{\"@id\":\"https:\/\/www.paolobigelli.com\/pt-pt\/#\/schema\/logo\/image\/\"},\"sameAs\":[\"https:\/\/www.facebook.com\/pbigelli\/\"]},{\"@type\":\"Person\",\"@id\":\"https:\/\/www.paolobigelli.com\/pt-pt\/#\/schema\/person\/3e4da24192ba0a889a59c69334eb2308\",\"name\":\"Paolo Bigelli\",\"image\":{\"@type\":\"ImageObject\",\"inLanguage\":\"pt-PT\",\"@id\":\"https:\/\/www.paolobigelli.com\/pt-pt\/#\/schema\/person\/image\/\",\"url\":\"https:\/\/secure.gravatar.com\/avatar\/01ee7ce54c2b1955693f4a95d581c48d?s=96&d=mm&r=g\",\"contentUrl\":\"https:\/\/secure.gravatar.com\/avatar\/01ee7ce54c2b1955693f4a95d581c48d?s=96&d=mm&r=g\",\"caption\":\"Paolo Bigelli\"},\"sameAs\":[\"https:\/\/www.paolobigelli.com\"],\"url\":\"https:\/\/www.paolobigelli.com\/pt-pt\/author\/samanta\/\"}]}<\/script>\n<!-- \/ Yoast SEO plugin. -->","yoast_head_json":{"title":"Vom Zauber eines Buches. Paolo Bigelli: Dialoge mit dem Imagin\u00e4ren - Paolo Bigelli","robots":{"index":"index","follow":"follow","max-snippet":"max-snippet:-1","max-image-preview":"max-image-preview:large","max-video-preview":"max-video-preview:-1"},"canonical":"https:\/\/www.paolobigelli.com\/pt-pt\/vom-zauber-eines-buches-paolo-bigelli-dialoge-mit-dem-imaginaren\/","og_locale":"pt_PT","og_type":"article","og_title":"Vom Zauber eines Buches. Paolo Bigelli: Dialoge mit dem Imagin\u00e4ren - Paolo Bigelli","og_description":"The magic of books.Paolo Bigelli: Dialogues with the imaginaryThe roman painter and illustrator Paolo Bigelli (born 1960) belongs with his works to a contemporary international art movement, that opens in paintings a magical world experience with imaginative dialogues out of art history. His works offer numerous suggestions for the items featured in this WHAE field &hellip;","og_url":"https:\/\/www.paolobigelli.com\/pt-pt\/vom-zauber-eines-buches-paolo-bigelli-dialoge-mit-dem-imaginaren\/","og_site_name":"Paolo Bigelli","article_publisher":"https:\/\/www.facebook.com\/pbigelli\/","article_published_time":"2020-11-18T15:33:05+00:00","og_image":[{"width":2560,"height":1920,"url":"https:\/\/www.paolobigelli.com\/wp-content\/uploads\/2020\/12\/pexels-sam-jean-2218452-scaled.jpg","type":"image\/jpeg"}],"author":"Paolo Bigelli","twitter_card":"summary_large_image","twitter_misc":{"Written by":"Paolo Bigelli","Est. reading time":"3 minutes"},"schema":{"@context":"https:\/\/schema.org","@graph":[{"@type":"Article","@id":"https:\/\/www.paolobigelli.com\/pt-pt\/vom-zauber-eines-buches-paolo-bigelli-dialoge-mit-dem-imaginaren\/#article","isPartOf":{"@id":"https:\/\/www.paolobigelli.com\/pt-pt\/vom-zauber-eines-buches-paolo-bigelli-dialoge-mit-dem-imaginaren\/"},"author":{"name":"Paolo Bigelli","@id":"https:\/\/www.paolobigelli.com\/pt-pt\/#\/schema\/person\/3e4da24192ba0a889a59c69334eb2308"},"headline":"Vom Zauber eines Buches. Paolo Bigelli: Dialoge mit dem Imagin\u00e4ren","datePublished":"2020-11-18T15:33:05+00:00","dateModified":"2020-11-18T15:33:05+00:00","mainEntityOfPage":{"@id":"https:\/\/www.paolobigelli.com\/pt-pt\/vom-zauber-eines-buches-paolo-bigelli-dialoge-mit-dem-imaginaren\/"},"wordCount":649,"commentCount":0,"publisher":{"@id":"https:\/\/www.paolobigelli.com\/pt-pt\/#organization"},"image":{"@id":"https:\/\/www.paolobigelli.com\/pt-pt\/vom-zauber-eines-buches-paolo-bigelli-dialoge-mit-dem-imaginaren\/#primaryimage"},"thumbnailUrl":"https:\/\/www.paolobigelli.com\/wp-content\/uploads\/2020\/12\/pexels-sam-jean-2218452-scaled.jpg","articleSection":["Coment\u00e1rios"],"inLanguage":"pt-PT","potentialAction":[{"@type":"CommentAction","name":"Comment","target":["https:\/\/www.paolobigelli.com\/pt-pt\/vom-zauber-eines-buches-paolo-bigelli-dialoge-mit-dem-imaginaren\/#respond"]}]},{"@type":"WebPage","@id":"https:\/\/www.paolobigelli.com\/pt-pt\/vom-zauber-eines-buches-paolo-bigelli-dialoge-mit-dem-imaginaren\/","url":"https:\/\/www.paolobigelli.com\/pt-pt\/vom-zauber-eines-buches-paolo-bigelli-dialoge-mit-dem-imaginaren\/","name":"Vom Zauber eines Buches. Paolo Bigelli: Dialoge mit dem Imagin\u00e4ren - Paolo Bigelli","isPartOf":{"@id":"https:\/\/www.paolobigelli.com\/pt-pt\/#website"},"primaryImageOfPage":{"@id":"https:\/\/www.paolobigelli.com\/pt-pt\/vom-zauber-eines-buches-paolo-bigelli-dialoge-mit-dem-imaginaren\/#primaryimage"},"image":{"@id":"https:\/\/www.paolobigelli.com\/pt-pt\/vom-zauber-eines-buches-paolo-bigelli-dialoge-mit-dem-imaginaren\/#primaryimage"},"thumbnailUrl":"https:\/\/www.paolobigelli.com\/wp-content\/uploads\/2020\/12\/pexels-sam-jean-2218452-scaled.jpg","datePublished":"2020-11-18T15:33:05+00:00","dateModified":"2020-11-18T15:33:05+00:00","breadcrumb":{"@id":"https:\/\/www.paolobigelli.com\/pt-pt\/vom-zauber-eines-buches-paolo-bigelli-dialoge-mit-dem-imaginaren\/#breadcrumb"},"inLanguage":"pt-PT","potentialAction":[{"@type":"ReadAction","target":["https:\/\/www.paolobigelli.com\/pt-pt\/vom-zauber-eines-buches-paolo-bigelli-dialoge-mit-dem-imaginaren\/"]}]},{"@type":"ImageObject","inLanguage":"pt-PT","@id":"https:\/\/www.paolobigelli.com\/pt-pt\/vom-zauber-eines-buches-paolo-bigelli-dialoge-mit-dem-imaginaren\/#primaryimage","url":"https:\/\/www.paolobigelli.com\/wp-content\/uploads\/2020\/12\/pexels-sam-jean-2218452-scaled.jpg","contentUrl":"https:\/\/www.paolobigelli.com\/wp-content\/uploads\/2020\/12\/pexels-sam-jean-2218452-scaled.jpg","width":2560,"height":1920},{"@type":"BreadcrumbList","@id":"https:\/\/www.paolobigelli.com\/pt-pt\/vom-zauber-eines-buches-paolo-bigelli-dialoge-mit-dem-imaginaren\/#breadcrumb","itemListElement":[{"@type":"ListItem","position":1,"name":"Home","item":"https:\/\/www.paolobigelli.com\/pt-pt\/"},{"@type":"ListItem","position":2,"name":"Vom Zauber eines Buches. Paolo Bigelli: Dialoge mit dem Imagin\u00e4ren"}]},{"@type":"WebSite","@id":"https:\/\/www.paolobigelli.com\/pt-pt\/#website","url":"https:\/\/www.paolobigelli.com\/pt-pt\/","name":"Paolo Bigelli","description":"Pittore in Roma","publisher":{"@id":"https:\/\/www.paolobigelli.com\/pt-pt\/#organization"},"potentialAction":[{"@type":"SearchAction","target":{"@type":"EntryPoint","urlTemplate":"https:\/\/www.paolobigelli.com\/pt-pt\/?s={search_term_string}"},"query-input":{"@type":"PropertyValueSpecification","valueRequired":true,"valueName":"search_term_string"}}],"inLanguage":"pt-PT"},{"@type":"Organization","@id":"https:\/\/www.paolobigelli.com\/pt-pt\/#organization","name":"Paolo Bigelli","url":"https:\/\/www.paolobigelli.com\/pt-pt\/","logo":{"@type":"ImageObject","inLanguage":"pt-PT","@id":"https:\/\/www.paolobigelli.com\/pt-pt\/#\/schema\/logo\/image\/","url":"https:\/\/www.paolobigelli.com\/wp-content\/uploads\/2020\/12\/logo2.png","contentUrl":"https:\/\/www.paolobigelli.com\/wp-content\/uploads\/2020\/12\/logo2.png","width":200,"height":100,"caption":"Paolo Bigelli"},"image":{"@id":"https:\/\/www.paolobigelli.com\/pt-pt\/#\/schema\/logo\/image\/"},"sameAs":["https:\/\/www.facebook.com\/pbigelli\/"]},{"@type":"Person","@id":"https:\/\/www.paolobigelli.com\/pt-pt\/#\/schema\/person\/3e4da24192ba0a889a59c69334eb2308","name":"Paolo Bigelli","image":{"@type":"ImageObject","inLanguage":"pt-PT","@id":"https:\/\/www.paolobigelli.com\/pt-pt\/#\/schema\/person\/image\/","url":"https:\/\/secure.gravatar.com\/avatar\/01ee7ce54c2b1955693f4a95d581c48d?s=96&d=mm&r=g","contentUrl":"https:\/\/secure.gravatar.com\/avatar\/01ee7ce54c2b1955693f4a95d581c48d?s=96&d=mm&r=g","caption":"Paolo Bigelli"},"sameAs":["https:\/\/www.paolobigelli.com"],"url":"https:\/\/www.paolobigelli.com\/pt-pt\/author\/samanta\/"}]}},"jetpack_sharing_enabled":true,"jetpack_featured_media_url":"https:\/\/www.paolobigelli.com\/wp-content\/uploads\/2020\/12\/pexels-sam-jean-2218452-scaled.jpg","_links":{"self":[{"href":"https:\/\/www.paolobigelli.com\/pt-pt\/wp-json\/wp\/v2\/posts\/10893"}],"collection":[{"href":"https:\/\/www.paolobigelli.com\/pt-pt\/wp-json\/wp\/v2\/posts"}],"about":[{"href":"https:\/\/www.paolobigelli.com\/pt-pt\/wp-json\/wp\/v2\/types\/post"}],"author":[{"embeddable":true,"href":"https:\/\/www.paolobigelli.com\/pt-pt\/wp-json\/wp\/v2\/users\/1"}],"replies":[{"embeddable":true,"href":"https:\/\/www.paolobigelli.com\/pt-pt\/wp-json\/wp\/v2\/comments?post=10893"}],"version-history":[{"count":0,"href":"https:\/\/www.paolobigelli.com\/pt-pt\/wp-json\/wp\/v2\/posts\/10893\/revisions"}],"wp:featuredmedia":[{"embeddable":true,"href":"https:\/\/www.paolobigelli.com\/pt-pt\/wp-json\/wp\/v2\/media\/9997"}],"wp:attachment":[{"href":"https:\/\/www.paolobigelli.com\/pt-pt\/wp-json\/wp\/v2\/media?parent=10893"}],"wp:term":[{"taxonomy":"category","embeddable":true,"href":"https:\/\/www.paolobigelli.com\/pt-pt\/wp-json\/wp\/v2\/categories?post=10893"},{"taxonomy":"post_tag","embeddable":true,"href":"https:\/\/www.paolobigelli.com\/pt-pt\/wp-json\/wp\/v2\/tags?post=10893"}],"curies":[{"name":"wp","href":"https:\/\/api.w.org\/{rel}","templated":true}]}}