{"id":10883,"date":"2020-12-07T13:09:17","date_gmt":"2020-12-07T13:09:17","guid":{"rendered":"https:\/\/paolobigelli.com\/paolo-bigelli-lartista-dellistinto-e-della-spontaneita\/"},"modified":"2020-12-29T16:20:28","modified_gmt":"2020-12-29T16:20:28","slug":"paolo-bigelli-lartista-dellistinto-e-della-spontaneita","status":"publish","type":"post","link":"https:\/\/www.paolobigelli.com\/pt-pt\/paolo-bigelli-lartista-dellistinto-e-della-spontaneita\/","title":{"rendered":"Paolo Bigelli: L&#8217;artista dell&#8217;istinto e della spontaneit\u00e0"},"content":{"rendered":"<p>Sono l\u2019istinto e la causalit\u00e0 che guidano la mano di Paolo Bigelli, l\u2019artista romano che ha esposto le sue opere, oltre che in Italia, anche in varie collezioni presenti in Francia, Portogallo, Spagna, Germania, Regno Unito, Slovenia, Austria, Croazia, Brasile, Messico e Stati Uniti. I suoi quadri hanno il merito di portare in un clima fatto di intimit\u00e0 dove \u00e8 facile riscoprire una certa pacatezza e serenit\u00e0. Non \u00e8 il senso estetico oggettivo ad essere rispettato piuttosto il lasciarsi andare nella creazione di figure semplici che proprio nella spontaneit\u00e0 trovano la loro pi\u00f9 alta forma di espressione. Bigelli inizia la sua carriera come illustratore e vignettista per poi intraprendere un pi\u00f9 netto percorso artistico pittorico che gli vale diversi riconoscimenti fra cui la commissione di una importante opera di carattere religioso per la Chiesa di S.Luiz de Potos\u00ec in Messico. Il colore dei suoi quadri sembra scivolare nell\u2019acqua per dare vita ad atmosfere soffuse che possono richiamare sia alle figure classiche che a gesti di vita quotidiana lasciando sempre nello spettatore un attimo di riflessione che pu\u00f2 essere anche sogno. E dalle opere traspare inevitabilmente il Paolo Bigelli uomo esule volontario dal mondo effimero delle presentazioni artistiche per rivelare il proprio lavoro in ambienti pi\u00f9 intimi che, comunque, hanno la possibilit\u00e0 di recepire un pubblico che sa come apprezzare il vero talento. E in attesa del prossimo appuntamento in cui il pittore presenter\u00e0 i suoi nuovi lavori ad un gruppo di amici ed estimatori, abbiamo provato a sapere direttamente da lui qualcosa in pi\u00f9 sulla sua arte.<\/p><p><strong><em>Lei ha cominciato ad esprimersi attraverso il fumetto e con le illustrazioni di racconti e favole per ragazzi. La rappresentazione dell\u2019immaginario accompagna sempre i suoi lavori o per le opere pittoriche preferisce aderire pi\u00f9 alla realt\u00e0\u2026<\/em><\/strong><br\/>Quando dipingo l\u2019approccio \u00e8 sempre lo stesso tanto che mi piace considerare i miei lavori come l\u2019 \u201cincipit\u201d che genera un racconto, una sorta di \u201cfotogramma\u201d di una storia. Sta poi al pubblico decidere se definirli quadri. Inoltre, anche se parto con una determinata idea, accetto di buon grado gli interventi del caso che si manifestano durante il percorso, lasciando che la pittura si sciolga nell\u2019acqua e prenda un suo peculiare ed inaspettato aspetto che molte volte sfugge da me. Per cui il risultato finale \u00e8 una via di mezzo fra l\u2019immagine pensata e quella di istinto.<\/p><p><strong><em>Vede la sua arte come pi\u00f9 tradizionale o contemporanea?<\/em><\/strong><br\/>Anche se si vuole, non si pu\u00f2 rifuggire da una definizione, tuttavia non posso dire che la mia arte \u00e8 tradizionale se pensiamo ad una cultura accademica. Se invece vediamo il risultato, allora per i soggetti e per i colori \u00e8 inevitabile il richiamo alla tradizione anche se per me \u00e8 importante rimanere nell\u2019ambito del gioco e della semplicit\u00e0 senza avere troppe pretese. Mi piace avere come riferimenti anche grandi pittori del passato come Matisse e viventi come Peter Doig, o Marlene Dumas che, pur utilizzando i mezzi espressivi della tradizione, sono comunque veri maestri di contemporaneit\u00e0.<\/p><p><strong><em>Quando dipinge quali sono gli elementi di cui proprio non pu\u00f2 fare a meno\u2026<\/em><\/strong><br\/>Sin da piccolo ho avuto sempre una certa predilezione per la carta\u2026mi piace manipolarla e sentirne l\u2019odore. Uso un po\u2019 tutti i tipi sia come superfice sia come mezzo tecnico e addirittura sono i fogli dei quotidiani che spesso mi aiutano a creare tracce e venature che rendono proprio gli effetti che voglio. E poi amo tutte le tecniche con colori ad acqua , pi\u00f9 veloci e pi\u00f9 ricettivi agli eventuali interventi \u201cdel caso\u201d , pi\u00f9 ricchi cromaticamente ed in questo senso pi\u00f9 creativi.<\/p><p><strong><em>Molte delle sue opere rappresentano corpi senza veli. Cosa rappresenta per lei la nudit\u00e0?<\/em><\/strong><br\/>La possibilit\u00e0 per una figura di esprimere veramente le sue linee a prescindere dal grado di bellezza. Infatti, la bellezza di un corpo non dipende dall\u2019estetica e dalla perfezione. Quando disegno un uomo o una donna nudi mi sento come un artigiano che fonde, taglia o aggiunge la materia ben consapevole che pu\u00f2 bastare anche un\u2019ombra per rendere un corpo pi\u00f9 seducente. La mia personale riflessione sull\u2019uomo non deve necessariamente dipendere dal mezzo espressivo e da un invadente impegno sul piano formale.<\/p><p><strong><em>Quanto l\u2019ha influenzato il periodo vissuto a Lisbona?<\/em><\/strong><br\/>Quando si viaggia e si \u00e8 sensibili a tutto il bello che un posto pu\u00f2 offrire, c\u2019\u00e8 sempre un arricchimento. In particolare, il mio periodo portoghese \u00e8 stato migliorato molto da quella cultura soprattutto ammirando la loro creazione artistica di ceramiche. Questo mi ha portato a una ricerca cromatica molto personale che mi aiuta in coraggiosi accostamenti fatti anche di velature e trasparenze.<\/p><p><strong><em>Ha dichiarato che si tende a confondere il mezzo con il fine dell\u2019opera\u2026cosa intende esattamente\u2026<\/em><\/strong><br\/>Oggi quando si realizza un\u2019opera d\u2019arte sembra che si debba giocare per forza sull\u2019elemento sorpresa. Quindi non un\u2019introspezione su se stessi ma piuttosto la ricerca di quello che pu\u00f2 stupire e che quindi possa rendere il proprio lavoro pi\u00f9 commerciabile. Io credo che cos\u00ec facendo l\u2019artista pu\u00f2 diventare preda di una insinuante disonest\u00e0 di fondo. Non mi va di rientrare in questa categoria. I miei vogliono essere dei quadri non delle opere che associano elementi improbabili a tutti i costi. E\u2019 deleterio produrre con questo tipo di approccio solo per rispondere ad un mercato alla moda. L\u2019utenza \u00e8 vastissima e, fortunatamente, i gusti sono molteplici e vari e nessuno pu\u00f2 arrogarsi il diritto di pontificare quale sia il vero gusto, anche se il mercato di oggi \u2013come dicevo- \u00e8 piuttosto modaiolo.<\/p><p><strong><em>Per un artista promuovere la propria arte sul web pu\u00f2 essere una valida alternativa\u2026<\/em><\/strong><br\/>Sicuramente il mondo di internet porta le tue opere lontane oltre a dare la possibilit\u00e0 di un pubblico vastissimo. Tuttavia \u00e8 anche vero che il web soffre il problema di una bulimica fruizione e della velocit\u00e0, ovvero tutto quello che l\u2019artista mette nella sua opera e soprattutto il tempo impiegato, pu\u00f2 essere consumato da chi vede in una manciata di secondi.<\/p><p><strong><em>Si dice che per un artista vivere a Roma sia una marcia in pi\u00f9\u2026pu\u00f2 essere vero?<\/em><\/strong><br\/>Roma \u00e8 la citt\u00e0 delle celebrazioni dove le mostre sono sempre delle occasioni mondane per notare e farsi notare. Chi non \u00e8 avvezzo a questo ambiente o non ha le giuste conoscenze pu\u00f2 avere davvero molta difficolt\u00e0 ad inserirsi nel gruppo di gallerie altisonanti . Non c\u2019\u00e8 una effettiva curiosit\u00e0 di scoprire talenti , c\u2019\u00e8 piuttosto la voglia di mantenere in piedi un sistema di mercato fatto di scuole d\u2019arte , gallerie e circoli artistici che spesso illudono coloro che si accostano con fiducia a questo \u201cmondo\u201d. In fondo si pu\u00f2 facilmente raggiungere lo scopo affittando uno spazio espositivo o dando credito alle aspettative di creativi sprovveduti, di qui il generarsi di scuole di tutti i generi sempre \u201cinnovative\u201d ma soprattutto sempre ricche di nuovi iscritti.<\/p><p><strong><em>Quindi oggi pu\u00f2 essere veramente difficile vivere facendo l\u2019artista\u2026<\/em><\/strong><br\/>Diciamo che in alternativa al contesto di cui parlavo prima , pi\u00f9 onesta e meno pretenziosa potrebbe essere l\u2019idea di aprire uno studio \u2013 atelier dove esporre i propri lavori , con semplicit\u00e0 quasi si trattasse di una \u201cbottega\u201d d\u2019arte. Forse \u00e8 un\u2019idea un po\u2019 romantica , ma anch\u2019essa presenta nella sua realizzazione difficolt\u00e0 oggettive e oggi piuttosto comuni ,come fitti esorbitanti e tasse che proprio non aiutano le piccole imprese. In effetti si dovrebbe movimentare il mercato dando a tutti la possibilit\u00e0 di fruire dell\u2019 arte con disinvoltura . Per fare questo bisognerebbe cominciare a considerare un \u2018opera per quello che \u00e8 , con dei prezzi pi\u00f9 ragionevoli, calmierati, che consentano al pubblico un maggiore ricambio dei quadri appesi alle pareti della propria casa , cos\u00ec come si fa con un abito. A meno che non si parli di \u201cArtisti\u201d che abbiano fatto la storia, trovo inconcepibile che un\u2019opera possa costare i prezzi esorbitanti del mercato attuale , i cui investimenti spesso si rivelano o si riveleranno \u201cbolle\u201d.<br\/>Forse parlo cos\u00ec perch\u00e9 nel mio ambiente non \u00e8 mai esistita la pomposa prosopopea che accompagna tutte le prefazioni di mostre celebrative.<br\/>Ma ho l\u2019impressione che \u2013 a questo riguardo &#8211; qualcosa stia cambiando almeno nel mondo del Web.<\/p><p class=\"has-text-align-right\"><em><strong>di Rosario Schibeci<\/strong><\/em><\/p>","protected":false},"excerpt":{"rendered":"<p>Sono l\u2019istinto e la causalit\u00e0 che guidano la mano di Paolo Bigelli, l\u2019artista romano che ha esposto le sue opere, oltre che in Italia, anche in varie collezioni presenti in Francia, Portogallo, Spagna, Germania, Regno Unito, Slovenia, Austria, Croazia, Brasile, Messico e Stati Uniti. I suoi quadri hanno il merito di portare in un clima &hellip;<\/p>\n","protected":false},"author":1,"featured_media":9954,"comment_status":"open","ping_status":"closed","sticky":false,"template":"","format":"standard","meta":{"_genesis_hide_title":false,"_genesis_hide_breadcrumbs":false,"_genesis_hide_singular_image":false,"_genesis_hide_footer_widgets":false,"_genesis_custom_body_class":"","_genesis_custom_post_class":"","_genesis_layout":"content-sidebar","_jetpack_newsletter_access":"","_jetpack_dont_email_post_to_subs":false,"_jetpack_newsletter_tier_id":0,"_jetpack_memberships_contains_paywalled_content":false,"_jetpack_memberships_contains_paid_content":false,"footnotes":""},"categories":[366],"tags":[],"yoast_head":"<!-- This site is optimized with the Yoast SEO plugin v23.8 - https:\/\/yoast.com\/wordpress\/plugins\/seo\/ -->\n<title>Paolo Bigelli: L&#039;artista dell&#039;istinto e della spontaneit\u00e0 - Paolo Bigelli<\/title>\n<meta name=\"robots\" content=\"index, follow, max-snippet:-1, max-image-preview:large, max-video-preview:-1\" \/>\n<link rel=\"canonical\" href=\"https:\/\/www.paolobigelli.com\/pt-pt\/paolo-bigelli-lartista-dellistinto-e-della-spontaneita\/\" \/>\n<meta property=\"og:locale\" content=\"pt_PT\" \/>\n<meta property=\"og:type\" content=\"article\" \/>\n<meta property=\"og:title\" content=\"Paolo Bigelli: L&#039;artista dell&#039;istinto e della spontaneit\u00e0 - Paolo Bigelli\" \/>\n<meta property=\"og:description\" content=\"Sono l\u2019istinto e la causalit\u00e0 che guidano la mano di Paolo Bigelli, l\u2019artista romano che ha esposto le sue opere, oltre che in Italia, anche in varie collezioni presenti in Francia, Portogallo, Spagna, Germania, Regno Unito, Slovenia, Austria, Croazia, Brasile, Messico e Stati Uniti. I suoi quadri hanno il merito di portare in un clima &hellip;\" \/>\n<meta property=\"og:url\" content=\"https:\/\/www.paolobigelli.com\/pt-pt\/paolo-bigelli-lartista-dellistinto-e-della-spontaneita\/\" \/>\n<meta property=\"og:site_name\" content=\"Paolo Bigelli\" \/>\n<meta property=\"article:publisher\" content=\"https:\/\/www.facebook.com\/pbigelli\/\" \/>\n<meta property=\"article:published_time\" content=\"2020-12-07T13:09:17+00:00\" \/>\n<meta property=\"article:modified_time\" content=\"2020-12-29T16:20:28+00:00\" \/>\n<meta property=\"og:image\" content=\"https:\/\/www.paolobigelli.com\/wp-content\/uploads\/2020\/12\/paolo-bigelli-1.jpg\" \/>\n\t<meta property=\"og:image:width\" content=\"680\" \/>\n\t<meta property=\"og:image:height\" content=\"340\" \/>\n\t<meta property=\"og:image:type\" content=\"image\/jpeg\" \/>\n<meta name=\"author\" content=\"Paolo Bigelli\" \/>\n<meta name=\"twitter:card\" content=\"summary_large_image\" \/>\n<meta name=\"twitter:label1\" content=\"Written by\" \/>\n\t<meta name=\"twitter:data1\" content=\"Paolo Bigelli\" \/>\n\t<meta name=\"twitter:label2\" content=\"Est. reading time\" \/>\n\t<meta name=\"twitter:data2\" content=\"7 minutes\" \/>\n<script type=\"application\/ld+json\" class=\"yoast-schema-graph\">{\"@context\":\"https:\/\/schema.org\",\"@graph\":[{\"@type\":\"Article\",\"@id\":\"https:\/\/www.paolobigelli.com\/pt-pt\/paolo-bigelli-lartista-dellistinto-e-della-spontaneita\/#article\",\"isPartOf\":{\"@id\":\"https:\/\/www.paolobigelli.com\/pt-pt\/paolo-bigelli-lartista-dellistinto-e-della-spontaneita\/\"},\"author\":{\"name\":\"Paolo Bigelli\",\"@id\":\"https:\/\/www.paolobigelli.com\/pt-pt\/#\/schema\/person\/3e4da24192ba0a889a59c69334eb2308\"},\"headline\":\"Paolo Bigelli: L&#8217;artista dell&#8217;istinto e della spontaneit\u00e0\",\"datePublished\":\"2020-12-07T13:09:17+00:00\",\"dateModified\":\"2020-12-29T16:20:28+00:00\",\"mainEntityOfPage\":{\"@id\":\"https:\/\/www.paolobigelli.com\/pt-pt\/paolo-bigelli-lartista-dellistinto-e-della-spontaneita\/\"},\"wordCount\":1355,\"commentCount\":0,\"publisher\":{\"@id\":\"https:\/\/www.paolobigelli.com\/pt-pt\/#organization\"},\"image\":{\"@id\":\"https:\/\/www.paolobigelli.com\/pt-pt\/paolo-bigelli-lartista-dellistinto-e-della-spontaneita\/#primaryimage\"},\"thumbnailUrl\":\"https:\/\/www.paolobigelli.com\/wp-content\/uploads\/2020\/12\/paolo-bigelli-1.jpg\",\"articleSection\":[\"Coment\u00e1rios\"],\"inLanguage\":\"pt-PT\",\"potentialAction\":[{\"@type\":\"CommentAction\",\"name\":\"Comment\",\"target\":[\"https:\/\/www.paolobigelli.com\/pt-pt\/paolo-bigelli-lartista-dellistinto-e-della-spontaneita\/#respond\"]}]},{\"@type\":\"WebPage\",\"@id\":\"https:\/\/www.paolobigelli.com\/pt-pt\/paolo-bigelli-lartista-dellistinto-e-della-spontaneita\/\",\"url\":\"https:\/\/www.paolobigelli.com\/pt-pt\/paolo-bigelli-lartista-dellistinto-e-della-spontaneita\/\",\"name\":\"Paolo Bigelli: L'artista dell'istinto e della spontaneit\u00e0 - Paolo Bigelli\",\"isPartOf\":{\"@id\":\"https:\/\/www.paolobigelli.com\/pt-pt\/#website\"},\"primaryImageOfPage\":{\"@id\":\"https:\/\/www.paolobigelli.com\/pt-pt\/paolo-bigelli-lartista-dellistinto-e-della-spontaneita\/#primaryimage\"},\"image\":{\"@id\":\"https:\/\/www.paolobigelli.com\/pt-pt\/paolo-bigelli-lartista-dellistinto-e-della-spontaneita\/#primaryimage\"},\"thumbnailUrl\":\"https:\/\/www.paolobigelli.com\/wp-content\/uploads\/2020\/12\/paolo-bigelli-1.jpg\",\"datePublished\":\"2020-12-07T13:09:17+00:00\",\"dateModified\":\"2020-12-29T16:20:28+00:00\",\"breadcrumb\":{\"@id\":\"https:\/\/www.paolobigelli.com\/pt-pt\/paolo-bigelli-lartista-dellistinto-e-della-spontaneita\/#breadcrumb\"},\"inLanguage\":\"pt-PT\",\"potentialAction\":[{\"@type\":\"ReadAction\",\"target\":[\"https:\/\/www.paolobigelli.com\/pt-pt\/paolo-bigelli-lartista-dellistinto-e-della-spontaneita\/\"]}]},{\"@type\":\"ImageObject\",\"inLanguage\":\"pt-PT\",\"@id\":\"https:\/\/www.paolobigelli.com\/pt-pt\/paolo-bigelli-lartista-dellistinto-e-della-spontaneita\/#primaryimage\",\"url\":\"https:\/\/www.paolobigelli.com\/wp-content\/uploads\/2020\/12\/paolo-bigelli-1.jpg\",\"contentUrl\":\"https:\/\/www.paolobigelli.com\/wp-content\/uploads\/2020\/12\/paolo-bigelli-1.jpg\",\"width\":680,\"height\":340},{\"@type\":\"BreadcrumbList\",\"@id\":\"https:\/\/www.paolobigelli.com\/pt-pt\/paolo-bigelli-lartista-dellistinto-e-della-spontaneita\/#breadcrumb\",\"itemListElement\":[{\"@type\":\"ListItem\",\"position\":1,\"name\":\"Home\",\"item\":\"https:\/\/www.paolobigelli.com\/pt-pt\/\"},{\"@type\":\"ListItem\",\"position\":2,\"name\":\"Paolo Bigelli: L&#8217;artista dell&#8217;istinto e della spontaneit\u00e0\"}]},{\"@type\":\"WebSite\",\"@id\":\"https:\/\/www.paolobigelli.com\/pt-pt\/#website\",\"url\":\"https:\/\/www.paolobigelli.com\/pt-pt\/\",\"name\":\"Paolo Bigelli\",\"description\":\"Pittore in Roma\",\"publisher\":{\"@id\":\"https:\/\/www.paolobigelli.com\/pt-pt\/#organization\"},\"potentialAction\":[{\"@type\":\"SearchAction\",\"target\":{\"@type\":\"EntryPoint\",\"urlTemplate\":\"https:\/\/www.paolobigelli.com\/pt-pt\/?s={search_term_string}\"},\"query-input\":{\"@type\":\"PropertyValueSpecification\",\"valueRequired\":true,\"valueName\":\"search_term_string\"}}],\"inLanguage\":\"pt-PT\"},{\"@type\":\"Organization\",\"@id\":\"https:\/\/www.paolobigelli.com\/pt-pt\/#organization\",\"name\":\"Paolo Bigelli\",\"url\":\"https:\/\/www.paolobigelli.com\/pt-pt\/\",\"logo\":{\"@type\":\"ImageObject\",\"inLanguage\":\"pt-PT\",\"@id\":\"https:\/\/www.paolobigelli.com\/pt-pt\/#\/schema\/logo\/image\/\",\"url\":\"https:\/\/www.paolobigelli.com\/wp-content\/uploads\/2020\/12\/logo2.png\",\"contentUrl\":\"https:\/\/www.paolobigelli.com\/wp-content\/uploads\/2020\/12\/logo2.png\",\"width\":200,\"height\":100,\"caption\":\"Paolo Bigelli\"},\"image\":{\"@id\":\"https:\/\/www.paolobigelli.com\/pt-pt\/#\/schema\/logo\/image\/\"},\"sameAs\":[\"https:\/\/www.facebook.com\/pbigelli\/\"]},{\"@type\":\"Person\",\"@id\":\"https:\/\/www.paolobigelli.com\/pt-pt\/#\/schema\/person\/3e4da24192ba0a889a59c69334eb2308\",\"name\":\"Paolo Bigelli\",\"image\":{\"@type\":\"ImageObject\",\"inLanguage\":\"pt-PT\",\"@id\":\"https:\/\/www.paolobigelli.com\/pt-pt\/#\/schema\/person\/image\/\",\"url\":\"https:\/\/secure.gravatar.com\/avatar\/01ee7ce54c2b1955693f4a95d581c48d?s=96&d=mm&r=g\",\"contentUrl\":\"https:\/\/secure.gravatar.com\/avatar\/01ee7ce54c2b1955693f4a95d581c48d?s=96&d=mm&r=g\",\"caption\":\"Paolo Bigelli\"},\"sameAs\":[\"https:\/\/www.paolobigelli.com\"],\"url\":\"https:\/\/www.paolobigelli.com\/pt-pt\/author\/samanta\/\"}]}<\/script>\n<!-- \/ Yoast SEO plugin. -->","yoast_head_json":{"title":"Paolo Bigelli: L'artista dell'istinto e della spontaneit\u00e0 - Paolo Bigelli","robots":{"index":"index","follow":"follow","max-snippet":"max-snippet:-1","max-image-preview":"max-image-preview:large","max-video-preview":"max-video-preview:-1"},"canonical":"https:\/\/www.paolobigelli.com\/pt-pt\/paolo-bigelli-lartista-dellistinto-e-della-spontaneita\/","og_locale":"pt_PT","og_type":"article","og_title":"Paolo Bigelli: L'artista dell'istinto e della spontaneit\u00e0 - Paolo Bigelli","og_description":"Sono l\u2019istinto e la causalit\u00e0 che guidano la mano di Paolo Bigelli, l\u2019artista romano che ha esposto le sue opere, oltre che in Italia, anche in varie collezioni presenti in Francia, Portogallo, Spagna, Germania, Regno Unito, Slovenia, Austria, Croazia, Brasile, Messico e Stati Uniti. I suoi quadri hanno il merito di portare in un clima &hellip;","og_url":"https:\/\/www.paolobigelli.com\/pt-pt\/paolo-bigelli-lartista-dellistinto-e-della-spontaneita\/","og_site_name":"Paolo Bigelli","article_publisher":"https:\/\/www.facebook.com\/pbigelli\/","article_published_time":"2020-12-07T13:09:17+00:00","article_modified_time":"2020-12-29T16:20:28+00:00","og_image":[{"width":680,"height":340,"url":"https:\/\/www.paolobigelli.com\/wp-content\/uploads\/2020\/12\/paolo-bigelli-1.jpg","type":"image\/jpeg"}],"author":"Paolo Bigelli","twitter_card":"summary_large_image","twitter_misc":{"Written by":"Paolo Bigelli","Est. reading time":"7 minutes"},"schema":{"@context":"https:\/\/schema.org","@graph":[{"@type":"Article","@id":"https:\/\/www.paolobigelli.com\/pt-pt\/paolo-bigelli-lartista-dellistinto-e-della-spontaneita\/#article","isPartOf":{"@id":"https:\/\/www.paolobigelli.com\/pt-pt\/paolo-bigelli-lartista-dellistinto-e-della-spontaneita\/"},"author":{"name":"Paolo Bigelli","@id":"https:\/\/www.paolobigelli.com\/pt-pt\/#\/schema\/person\/3e4da24192ba0a889a59c69334eb2308"},"headline":"Paolo Bigelli: L&#8217;artista dell&#8217;istinto e della spontaneit\u00e0","datePublished":"2020-12-07T13:09:17+00:00","dateModified":"2020-12-29T16:20:28+00:00","mainEntityOfPage":{"@id":"https:\/\/www.paolobigelli.com\/pt-pt\/paolo-bigelli-lartista-dellistinto-e-della-spontaneita\/"},"wordCount":1355,"commentCount":0,"publisher":{"@id":"https:\/\/www.paolobigelli.com\/pt-pt\/#organization"},"image":{"@id":"https:\/\/www.paolobigelli.com\/pt-pt\/paolo-bigelli-lartista-dellistinto-e-della-spontaneita\/#primaryimage"},"thumbnailUrl":"https:\/\/www.paolobigelli.com\/wp-content\/uploads\/2020\/12\/paolo-bigelli-1.jpg","articleSection":["Coment\u00e1rios"],"inLanguage":"pt-PT","potentialAction":[{"@type":"CommentAction","name":"Comment","target":["https:\/\/www.paolobigelli.com\/pt-pt\/paolo-bigelli-lartista-dellistinto-e-della-spontaneita\/#respond"]}]},{"@type":"WebPage","@id":"https:\/\/www.paolobigelli.com\/pt-pt\/paolo-bigelli-lartista-dellistinto-e-della-spontaneita\/","url":"https:\/\/www.paolobigelli.com\/pt-pt\/paolo-bigelli-lartista-dellistinto-e-della-spontaneita\/","name":"Paolo Bigelli: L'artista dell'istinto e della spontaneit\u00e0 - Paolo Bigelli","isPartOf":{"@id":"https:\/\/www.paolobigelli.com\/pt-pt\/#website"},"primaryImageOfPage":{"@id":"https:\/\/www.paolobigelli.com\/pt-pt\/paolo-bigelli-lartista-dellistinto-e-della-spontaneita\/#primaryimage"},"image":{"@id":"https:\/\/www.paolobigelli.com\/pt-pt\/paolo-bigelli-lartista-dellistinto-e-della-spontaneita\/#primaryimage"},"thumbnailUrl":"https:\/\/www.paolobigelli.com\/wp-content\/uploads\/2020\/12\/paolo-bigelli-1.jpg","datePublished":"2020-12-07T13:09:17+00:00","dateModified":"2020-12-29T16:20:28+00:00","breadcrumb":{"@id":"https:\/\/www.paolobigelli.com\/pt-pt\/paolo-bigelli-lartista-dellistinto-e-della-spontaneita\/#breadcrumb"},"inLanguage":"pt-PT","potentialAction":[{"@type":"ReadAction","target":["https:\/\/www.paolobigelli.com\/pt-pt\/paolo-bigelli-lartista-dellistinto-e-della-spontaneita\/"]}]},{"@type":"ImageObject","inLanguage":"pt-PT","@id":"https:\/\/www.paolobigelli.com\/pt-pt\/paolo-bigelli-lartista-dellistinto-e-della-spontaneita\/#primaryimage","url":"https:\/\/www.paolobigelli.com\/wp-content\/uploads\/2020\/12\/paolo-bigelli-1.jpg","contentUrl":"https:\/\/www.paolobigelli.com\/wp-content\/uploads\/2020\/12\/paolo-bigelli-1.jpg","width":680,"height":340},{"@type":"BreadcrumbList","@id":"https:\/\/www.paolobigelli.com\/pt-pt\/paolo-bigelli-lartista-dellistinto-e-della-spontaneita\/#breadcrumb","itemListElement":[{"@type":"ListItem","position":1,"name":"Home","item":"https:\/\/www.paolobigelli.com\/pt-pt\/"},{"@type":"ListItem","position":2,"name":"Paolo Bigelli: L&#8217;artista dell&#8217;istinto e della spontaneit\u00e0"}]},{"@type":"WebSite","@id":"https:\/\/www.paolobigelli.com\/pt-pt\/#website","url":"https:\/\/www.paolobigelli.com\/pt-pt\/","name":"Paolo Bigelli","description":"Pittore in Roma","publisher":{"@id":"https:\/\/www.paolobigelli.com\/pt-pt\/#organization"},"potentialAction":[{"@type":"SearchAction","target":{"@type":"EntryPoint","urlTemplate":"https:\/\/www.paolobigelli.com\/pt-pt\/?s={search_term_string}"},"query-input":{"@type":"PropertyValueSpecification","valueRequired":true,"valueName":"search_term_string"}}],"inLanguage":"pt-PT"},{"@type":"Organization","@id":"https:\/\/www.paolobigelli.com\/pt-pt\/#organization","name":"Paolo Bigelli","url":"https:\/\/www.paolobigelli.com\/pt-pt\/","logo":{"@type":"ImageObject","inLanguage":"pt-PT","@id":"https:\/\/www.paolobigelli.com\/pt-pt\/#\/schema\/logo\/image\/","url":"https:\/\/www.paolobigelli.com\/wp-content\/uploads\/2020\/12\/logo2.png","contentUrl":"https:\/\/www.paolobigelli.com\/wp-content\/uploads\/2020\/12\/logo2.png","width":200,"height":100,"caption":"Paolo Bigelli"},"image":{"@id":"https:\/\/www.paolobigelli.com\/pt-pt\/#\/schema\/logo\/image\/"},"sameAs":["https:\/\/www.facebook.com\/pbigelli\/"]},{"@type":"Person","@id":"https:\/\/www.paolobigelli.com\/pt-pt\/#\/schema\/person\/3e4da24192ba0a889a59c69334eb2308","name":"Paolo Bigelli","image":{"@type":"ImageObject","inLanguage":"pt-PT","@id":"https:\/\/www.paolobigelli.com\/pt-pt\/#\/schema\/person\/image\/","url":"https:\/\/secure.gravatar.com\/avatar\/01ee7ce54c2b1955693f4a95d581c48d?s=96&d=mm&r=g","contentUrl":"https:\/\/secure.gravatar.com\/avatar\/01ee7ce54c2b1955693f4a95d581c48d?s=96&d=mm&r=g","caption":"Paolo Bigelli"},"sameAs":["https:\/\/www.paolobigelli.com"],"url":"https:\/\/www.paolobigelli.com\/pt-pt\/author\/samanta\/"}]}},"jetpack_sharing_enabled":true,"jetpack_featured_media_url":"https:\/\/www.paolobigelli.com\/wp-content\/uploads\/2020\/12\/paolo-bigelli-1.jpg","_links":{"self":[{"href":"https:\/\/www.paolobigelli.com\/pt-pt\/wp-json\/wp\/v2\/posts\/10883"}],"collection":[{"href":"https:\/\/www.paolobigelli.com\/pt-pt\/wp-json\/wp\/v2\/posts"}],"about":[{"href":"https:\/\/www.paolobigelli.com\/pt-pt\/wp-json\/wp\/v2\/types\/post"}],"author":[{"embeddable":true,"href":"https:\/\/www.paolobigelli.com\/pt-pt\/wp-json\/wp\/v2\/users\/1"}],"replies":[{"embeddable":true,"href":"https:\/\/www.paolobigelli.com\/pt-pt\/wp-json\/wp\/v2\/comments?post=10883"}],"version-history":[{"count":0,"href":"https:\/\/www.paolobigelli.com\/pt-pt\/wp-json\/wp\/v2\/posts\/10883\/revisions"}],"wp:featuredmedia":[{"embeddable":true,"href":"https:\/\/www.paolobigelli.com\/pt-pt\/wp-json\/wp\/v2\/media\/9954"}],"wp:attachment":[{"href":"https:\/\/www.paolobigelli.com\/pt-pt\/wp-json\/wp\/v2\/media?parent=10883"}],"wp:term":[{"taxonomy":"category","embeddable":true,"href":"https:\/\/www.paolobigelli.com\/pt-pt\/wp-json\/wp\/v2\/categories?post=10883"},{"taxonomy":"post_tag","embeddable":true,"href":"https:\/\/www.paolobigelli.com\/pt-pt\/wp-json\/wp\/v2\/tags?post=10883"}],"curies":[{"name":"wp","href":"https:\/\/api.w.org\/{rel}","templated":true}]}}