{"id":15357,"date":"2021-05-03T07:40:28","date_gmt":"2021-05-03T07:40:28","guid":{"rendered":"https:\/\/www.paolobigelli.com\/artist-in-world-heritage\/"},"modified":"2021-05-03T07:40:29","modified_gmt":"2021-05-03T07:40:29","slug":"artist-in-world-heritage","status":"publish","type":"post","link":"https:\/\/www.paolobigelli.com\/en\/artist-in-world-heritage\/","title":{"rendered":"Artist in World Heritage"},"content":{"rendered":"<p>Der K\u00fcnster <strong>Paolo Bigelli<\/strong> wird im Oktober im UNESCO Weltkulturerbe wohnen und arbeiten. Das UNESCO Weltkulturerbe soll n\u00e4mlich unter dem Titel &#8220;Artist in World Heritage&#8221; K\u00fcnstlerinnen und K\u00fcnstlern als Inspirationsquelle dienen. Das erste Pilotprojekt wird nun im Oberen Mittelrheintal durchgef\u00fchrt. Das Hotel Schloss Rheinfels, St. Goar ist Domizil und Ausstellungsort f\u00fcr diese Zeit und zugleich Ausgangspunkt f\u00fcr die Erkundungen des K\u00fcnstlers zu Land und auf dem Rhein.<\/p><p><strong>UNESCO-Welterbest\u00e4tten<\/strong><strong><br>Deutschland e.V.<\/strong><br>Kornmarkt 6<br>06484 Quedlinburg<br><br>Pressekontakt: Annette Klemm<br>Tel. +49 (0)2633 4734918<br>Fax +49 (0)3946 8112-56<br>Mail&nbsp;<a href=\"mailto:presse@unesco-welterbe.de\" target=\"_blank\" rel=\"noreferrer noopener\">presse@unesco-welterbe.de<\/a><br>Web&nbsp;<a href=\"http:\/\/www.unesco-welterbe.de\/\" target=\"_blank\" rel=\"noreferrer noopener\">http:\/\/www.unesco-welterbe.de<\/a><\/p>","protected":false},"excerpt":{"rendered":"<p>Der K\u00fcnster Paolo Bigelli wird im Oktober im UNESCO Weltkulturerbe wohnen und arbeiten. Das UNESCO Weltkulturerbe soll n\u00e4mlich unter dem Titel &#8220;Artist in World Heritage&#8221; K\u00fcnstlerinnen und K\u00fcnstlern als Inspirationsquelle dienen. Das erste Pilotprojekt wird nun im Oberen Mittelrheintal durchgef\u00fchrt. Das Hotel Schloss Rheinfels, St. Goar ist Domizil und Ausstellungsort f\u00fcr diese Zeit und zugleich &hellip;<\/p>\n","protected":false},"author":1,"featured_media":15368,"comment_status":"open","ping_status":"closed","sticky":false,"template":"","format":"standard","meta":{"_genesis_hide_title":false,"_genesis_hide_breadcrumbs":false,"_genesis_hide_singular_image":false,"_genesis_hide_footer_widgets":false,"_genesis_custom_body_class":"","_genesis_custom_post_class":"","_genesis_layout":"","_jetpack_newsletter_access":"","_jetpack_dont_email_post_to_subs":false,"_jetpack_newsletter_tier_id":0,"_jetpack_memberships_contains_paywalled_content":false,"_jetpack_memberships_contains_paid_content":false,"footnotes":""},"categories":[363],"tags":[],"yoast_head":"<!-- This site is optimized with the Yoast SEO plugin v23.8 - https:\/\/yoast.com\/wordpress\/plugins\/seo\/ -->\n<title>Artist in World Heritage - Paolo Bigelli<\/title>\n<meta name=\"robots\" content=\"index, follow, max-snippet:-1, max-image-preview:large, max-video-preview:-1\" \/>\n<link rel=\"canonical\" href=\"https:\/\/www.paolobigelli.com\/en\/artist-in-world-heritage\/\" \/>\n<meta property=\"og:locale\" content=\"en_US\" \/>\n<meta property=\"og:type\" content=\"article\" \/>\n<meta property=\"og:title\" content=\"Artist in World Heritage - Paolo Bigelli\" \/>\n<meta property=\"og:description\" content=\"Der K\u00fcnster Paolo Bigelli wird im Oktober im UNESCO Weltkulturerbe wohnen und arbeiten. Das UNESCO Weltkulturerbe soll n\u00e4mlich unter dem Titel &#8220;Artist in World Heritage&#8221; K\u00fcnstlerinnen und K\u00fcnstlern als Inspirationsquelle dienen. Das erste Pilotprojekt wird nun im Oberen Mittelrheintal durchgef\u00fchrt. Das Hotel Schloss Rheinfels, St. Goar ist Domizil und Ausstellungsort f\u00fcr diese Zeit und zugleich &hellip;\" \/>\n<meta property=\"og:url\" content=\"https:\/\/www.paolobigelli.com\/en\/artist-in-world-heritage\/\" \/>\n<meta property=\"og:site_name\" content=\"Paolo Bigelli\" \/>\n<meta property=\"article:publisher\" content=\"https:\/\/www.facebook.com\/pbigelli\/\" \/>\n<meta property=\"article:published_time\" content=\"2021-05-03T07:40:28+00:00\" \/>\n<meta property=\"article:modified_time\" content=\"2021-05-03T07:40:29+00:00\" \/>\n<meta property=\"og:image\" content=\"https:\/\/www.paolobigelli.com\/wp-content\/uploads\/2021\/05\/paolobigelliwerke_kopie.jpg\" \/>\n\t<meta property=\"og:image:width\" content=\"1080\" \/>\n\t<meta property=\"og:image:height\" content=\"571\" \/>\n\t<meta property=\"og:image:type\" content=\"image\/jpeg\" \/>\n<meta name=\"author\" content=\"Paolo Bigelli\" \/>\n<meta name=\"twitter:card\" content=\"summary_large_image\" \/>\n<meta name=\"twitter:label1\" content=\"Written by\" \/>\n\t<meta name=\"twitter:data1\" content=\"Paolo Bigelli\" \/>\n\t<meta name=\"twitter:label2\" content=\"Est. reading time\" \/>\n\t<meta name=\"twitter:data2\" content=\"1 minute\" \/>\n<script type=\"application\/ld+json\" class=\"yoast-schema-graph\">{\"@context\":\"https:\/\/schema.org\",\"@graph\":[{\"@type\":\"Article\",\"@id\":\"https:\/\/www.paolobigelli.com\/en\/artist-in-world-heritage\/#article\",\"isPartOf\":{\"@id\":\"https:\/\/www.paolobigelli.com\/en\/artist-in-world-heritage\/\"},\"author\":{\"name\":\"Paolo Bigelli\",\"@id\":\"https:\/\/www.paolobigelli.com\/en\/#\/schema\/person\/3e4da24192ba0a889a59c69334eb2308\"},\"headline\":\"Artist in World Heritage\",\"datePublished\":\"2021-05-03T07:40:28+00:00\",\"dateModified\":\"2021-05-03T07:40:29+00:00\",\"mainEntityOfPage\":{\"@id\":\"https:\/\/www.paolobigelli.com\/en\/artist-in-world-heritage\/\"},\"wordCount\":102,\"commentCount\":0,\"publisher\":{\"@id\":\"https:\/\/www.paolobigelli.com\/en\/#organization\"},\"image\":{\"@id\":\"https:\/\/www.paolobigelli.com\/en\/artist-in-world-heritage\/#primaryimage\"},\"thumbnailUrl\":\"https:\/\/www.paolobigelli.com\/wp-content\/uploads\/2021\/05\/paolobigelliwerke_kopie.jpg\",\"articleSection\":[\"Comments\"],\"inLanguage\":\"en-US\",\"potentialAction\":[{\"@type\":\"CommentAction\",\"name\":\"Comment\",\"target\":[\"https:\/\/www.paolobigelli.com\/en\/artist-in-world-heritage\/#respond\"]}]},{\"@type\":\"WebPage\",\"@id\":\"https:\/\/www.paolobigelli.com\/en\/artist-in-world-heritage\/\",\"url\":\"https:\/\/www.paolobigelli.com\/en\/artist-in-world-heritage\/\",\"name\":\"Artist in World Heritage - Paolo Bigelli\",\"isPartOf\":{\"@id\":\"https:\/\/www.paolobigelli.com\/en\/#website\"},\"primaryImageOfPage\":{\"@id\":\"https:\/\/www.paolobigelli.com\/en\/artist-in-world-heritage\/#primaryimage\"},\"image\":{\"@id\":\"https:\/\/www.paolobigelli.com\/en\/artist-in-world-heritage\/#primaryimage\"},\"thumbnailUrl\":\"https:\/\/www.paolobigelli.com\/wp-content\/uploads\/2021\/05\/paolobigelliwerke_kopie.jpg\",\"datePublished\":\"2021-05-03T07:40:28+00:00\",\"dateModified\":\"2021-05-03T07:40:29+00:00\",\"breadcrumb\":{\"@id\":\"https:\/\/www.paolobigelli.com\/en\/artist-in-world-heritage\/#breadcrumb\"},\"inLanguage\":\"en-US\",\"potentialAction\":[{\"@type\":\"ReadAction\",\"target\":[\"https:\/\/www.paolobigelli.com\/en\/artist-in-world-heritage\/\"]}]},{\"@type\":\"ImageObject\",\"inLanguage\":\"en-US\",\"@id\":\"https:\/\/www.paolobigelli.com\/en\/artist-in-world-heritage\/#primaryimage\",\"url\":\"https:\/\/www.paolobigelli.com\/wp-content\/uploads\/2021\/05\/paolobigelliwerke_kopie.jpg\",\"contentUrl\":\"https:\/\/www.paolobigelli.com\/wp-content\/uploads\/2021\/05\/paolobigelliwerke_kopie.jpg\",\"width\":1080,\"height\":571},{\"@type\":\"BreadcrumbList\",\"@id\":\"https:\/\/www.paolobigelli.com\/en\/artist-in-world-heritage\/#breadcrumb\",\"itemListElement\":[{\"@type\":\"ListItem\",\"position\":1,\"name\":\"Home\",\"item\":\"https:\/\/www.paolobigelli.com\/en\/\"},{\"@type\":\"ListItem\",\"position\":2,\"name\":\"Artist in World Heritage\"}]},{\"@type\":\"WebSite\",\"@id\":\"https:\/\/www.paolobigelli.com\/en\/#website\",\"url\":\"https:\/\/www.paolobigelli.com\/en\/\",\"name\":\"Paolo Bigelli\",\"description\":\"Pittore in Roma\",\"publisher\":{\"@id\":\"https:\/\/www.paolobigelli.com\/en\/#organization\"},\"potentialAction\":[{\"@type\":\"SearchAction\",\"target\":{\"@type\":\"EntryPoint\",\"urlTemplate\":\"https:\/\/www.paolobigelli.com\/en\/?s={search_term_string}\"},\"query-input\":{\"@type\":\"PropertyValueSpecification\",\"valueRequired\":true,\"valueName\":\"search_term_string\"}}],\"inLanguage\":\"en-US\"},{\"@type\":\"Organization\",\"@id\":\"https:\/\/www.paolobigelli.com\/en\/#organization\",\"name\":\"Paolo Bigelli\",\"url\":\"https:\/\/www.paolobigelli.com\/en\/\",\"logo\":{\"@type\":\"ImageObject\",\"inLanguage\":\"en-US\",\"@id\":\"https:\/\/www.paolobigelli.com\/en\/#\/schema\/logo\/image\/\",\"url\":\"https:\/\/www.paolobigelli.com\/wp-content\/uploads\/2020\/12\/logo2.png\",\"contentUrl\":\"https:\/\/www.paolobigelli.com\/wp-content\/uploads\/2020\/12\/logo2.png\",\"width\":200,\"height\":100,\"caption\":\"Paolo Bigelli\"},\"image\":{\"@id\":\"https:\/\/www.paolobigelli.com\/en\/#\/schema\/logo\/image\/\"},\"sameAs\":[\"https:\/\/www.facebook.com\/pbigelli\/\"]},{\"@type\":\"Person\",\"@id\":\"https:\/\/www.paolobigelli.com\/en\/#\/schema\/person\/3e4da24192ba0a889a59c69334eb2308\",\"name\":\"Paolo Bigelli\",\"image\":{\"@type\":\"ImageObject\",\"inLanguage\":\"en-US\",\"@id\":\"https:\/\/www.paolobigelli.com\/en\/#\/schema\/person\/image\/\",\"url\":\"https:\/\/secure.gravatar.com\/avatar\/01ee7ce54c2b1955693f4a95d581c48d?s=96&d=mm&r=g\",\"contentUrl\":\"https:\/\/secure.gravatar.com\/avatar\/01ee7ce54c2b1955693f4a95d581c48d?s=96&d=mm&r=g\",\"caption\":\"Paolo Bigelli\"},\"sameAs\":[\"https:\/\/www.paolobigelli.com\"],\"url\":\"https:\/\/www.paolobigelli.com\/en\/author\/samanta\/\"}]}<\/script>\n<!-- \/ Yoast SEO plugin. -->","yoast_head_json":{"title":"Artist in World Heritage - Paolo Bigelli","robots":{"index":"index","follow":"follow","max-snippet":"max-snippet:-1","max-image-preview":"max-image-preview:large","max-video-preview":"max-video-preview:-1"},"canonical":"https:\/\/www.paolobigelli.com\/en\/artist-in-world-heritage\/","og_locale":"en_US","og_type":"article","og_title":"Artist in World Heritage - Paolo Bigelli","og_description":"Der K\u00fcnster Paolo Bigelli wird im Oktober im UNESCO Weltkulturerbe wohnen und arbeiten. Das UNESCO Weltkulturerbe soll n\u00e4mlich unter dem Titel &#8220;Artist in World Heritage&#8221; K\u00fcnstlerinnen und K\u00fcnstlern als Inspirationsquelle dienen. Das erste Pilotprojekt wird nun im Oberen Mittelrheintal durchgef\u00fchrt. Das Hotel Schloss Rheinfels, St. Goar ist Domizil und Ausstellungsort f\u00fcr diese Zeit und zugleich &hellip;","og_url":"https:\/\/www.paolobigelli.com\/en\/artist-in-world-heritage\/","og_site_name":"Paolo Bigelli","article_publisher":"https:\/\/www.facebook.com\/pbigelli\/","article_published_time":"2021-05-03T07:40:28+00:00","article_modified_time":"2021-05-03T07:40:29+00:00","og_image":[{"width":1080,"height":571,"url":"https:\/\/www.paolobigelli.com\/wp-content\/uploads\/2021\/05\/paolobigelliwerke_kopie.jpg","type":"image\/jpeg"}],"author":"Paolo Bigelli","twitter_card":"summary_large_image","twitter_misc":{"Written by":"Paolo Bigelli","Est. reading time":"1 minute"},"schema":{"@context":"https:\/\/schema.org","@graph":[{"@type":"Article","@id":"https:\/\/www.paolobigelli.com\/en\/artist-in-world-heritage\/#article","isPartOf":{"@id":"https:\/\/www.paolobigelli.com\/en\/artist-in-world-heritage\/"},"author":{"name":"Paolo Bigelli","@id":"https:\/\/www.paolobigelli.com\/en\/#\/schema\/person\/3e4da24192ba0a889a59c69334eb2308"},"headline":"Artist in World Heritage","datePublished":"2021-05-03T07:40:28+00:00","dateModified":"2021-05-03T07:40:29+00:00","mainEntityOfPage":{"@id":"https:\/\/www.paolobigelli.com\/en\/artist-in-world-heritage\/"},"wordCount":102,"commentCount":0,"publisher":{"@id":"https:\/\/www.paolobigelli.com\/en\/#organization"},"image":{"@id":"https:\/\/www.paolobigelli.com\/en\/artist-in-world-heritage\/#primaryimage"},"thumbnailUrl":"https:\/\/www.paolobigelli.com\/wp-content\/uploads\/2021\/05\/paolobigelliwerke_kopie.jpg","articleSection":["Comments"],"inLanguage":"en-US","potentialAction":[{"@type":"CommentAction","name":"Comment","target":["https:\/\/www.paolobigelli.com\/en\/artist-in-world-heritage\/#respond"]}]},{"@type":"WebPage","@id":"https:\/\/www.paolobigelli.com\/en\/artist-in-world-heritage\/","url":"https:\/\/www.paolobigelli.com\/en\/artist-in-world-heritage\/","name":"Artist in World Heritage - Paolo Bigelli","isPartOf":{"@id":"https:\/\/www.paolobigelli.com\/en\/#website"},"primaryImageOfPage":{"@id":"https:\/\/www.paolobigelli.com\/en\/artist-in-world-heritage\/#primaryimage"},"image":{"@id":"https:\/\/www.paolobigelli.com\/en\/artist-in-world-heritage\/#primaryimage"},"thumbnailUrl":"https:\/\/www.paolobigelli.com\/wp-content\/uploads\/2021\/05\/paolobigelliwerke_kopie.jpg","datePublished":"2021-05-03T07:40:28+00:00","dateModified":"2021-05-03T07:40:29+00:00","breadcrumb":{"@id":"https:\/\/www.paolobigelli.com\/en\/artist-in-world-heritage\/#breadcrumb"},"inLanguage":"en-US","potentialAction":[{"@type":"ReadAction","target":["https:\/\/www.paolobigelli.com\/en\/artist-in-world-heritage\/"]}]},{"@type":"ImageObject","inLanguage":"en-US","@id":"https:\/\/www.paolobigelli.com\/en\/artist-in-world-heritage\/#primaryimage","url":"https:\/\/www.paolobigelli.com\/wp-content\/uploads\/2021\/05\/paolobigelliwerke_kopie.jpg","contentUrl":"https:\/\/www.paolobigelli.com\/wp-content\/uploads\/2021\/05\/paolobigelliwerke_kopie.jpg","width":1080,"height":571},{"@type":"BreadcrumbList","@id":"https:\/\/www.paolobigelli.com\/en\/artist-in-world-heritage\/#breadcrumb","itemListElement":[{"@type":"ListItem","position":1,"name":"Home","item":"https:\/\/www.paolobigelli.com\/en\/"},{"@type":"ListItem","position":2,"name":"Artist in World Heritage"}]},{"@type":"WebSite","@id":"https:\/\/www.paolobigelli.com\/en\/#website","url":"https:\/\/www.paolobigelli.com\/en\/","name":"Paolo Bigelli","description":"Pittore in Roma","publisher":{"@id":"https:\/\/www.paolobigelli.com\/en\/#organization"},"potentialAction":[{"@type":"SearchAction","target":{"@type":"EntryPoint","urlTemplate":"https:\/\/www.paolobigelli.com\/en\/?s={search_term_string}"},"query-input":{"@type":"PropertyValueSpecification","valueRequired":true,"valueName":"search_term_string"}}],"inLanguage":"en-US"},{"@type":"Organization","@id":"https:\/\/www.paolobigelli.com\/en\/#organization","name":"Paolo Bigelli","url":"https:\/\/www.paolobigelli.com\/en\/","logo":{"@type":"ImageObject","inLanguage":"en-US","@id":"https:\/\/www.paolobigelli.com\/en\/#\/schema\/logo\/image\/","url":"https:\/\/www.paolobigelli.com\/wp-content\/uploads\/2020\/12\/logo2.png","contentUrl":"https:\/\/www.paolobigelli.com\/wp-content\/uploads\/2020\/12\/logo2.png","width":200,"height":100,"caption":"Paolo Bigelli"},"image":{"@id":"https:\/\/www.paolobigelli.com\/en\/#\/schema\/logo\/image\/"},"sameAs":["https:\/\/www.facebook.com\/pbigelli\/"]},{"@type":"Person","@id":"https:\/\/www.paolobigelli.com\/en\/#\/schema\/person\/3e4da24192ba0a889a59c69334eb2308","name":"Paolo Bigelli","image":{"@type":"ImageObject","inLanguage":"en-US","@id":"https:\/\/www.paolobigelli.com\/en\/#\/schema\/person\/image\/","url":"https:\/\/secure.gravatar.com\/avatar\/01ee7ce54c2b1955693f4a95d581c48d?s=96&d=mm&r=g","contentUrl":"https:\/\/secure.gravatar.com\/avatar\/01ee7ce54c2b1955693f4a95d581c48d?s=96&d=mm&r=g","caption":"Paolo Bigelli"},"sameAs":["https:\/\/www.paolobigelli.com"],"url":"https:\/\/www.paolobigelli.com\/en\/author\/samanta\/"}]}},"jetpack_sharing_enabled":true,"jetpack_featured_media_url":"https:\/\/www.paolobigelli.com\/wp-content\/uploads\/2021\/05\/paolobigelliwerke_kopie.jpg","_links":{"self":[{"href":"https:\/\/www.paolobigelli.com\/en\/wp-json\/wp\/v2\/posts\/15357"}],"collection":[{"href":"https:\/\/www.paolobigelli.com\/en\/wp-json\/wp\/v2\/posts"}],"about":[{"href":"https:\/\/www.paolobigelli.com\/en\/wp-json\/wp\/v2\/types\/post"}],"author":[{"embeddable":true,"href":"https:\/\/www.paolobigelli.com\/en\/wp-json\/wp\/v2\/users\/1"}],"replies":[{"embeddable":true,"href":"https:\/\/www.paolobigelli.com\/en\/wp-json\/wp\/v2\/comments?post=15357"}],"version-history":[{"count":0,"href":"https:\/\/www.paolobigelli.com\/en\/wp-json\/wp\/v2\/posts\/15357\/revisions"}],"wp:featuredmedia":[{"embeddable":true,"href":"https:\/\/www.paolobigelli.com\/en\/wp-json\/wp\/v2\/media\/15368"}],"wp:attachment":[{"href":"https:\/\/www.paolobigelli.com\/en\/wp-json\/wp\/v2\/media?parent=15357"}],"wp:term":[{"taxonomy":"category","embeddable":true,"href":"https:\/\/www.paolobigelli.com\/en\/wp-json\/wp\/v2\/categories?post=15357"},{"taxonomy":"post_tag","embeddable":true,"href":"https:\/\/www.paolobigelli.com\/en\/wp-json\/wp\/v2\/tags?post=15357"}],"curies":[{"name":"wp","href":"https:\/\/api.w.org\/{rel}","templated":true}]}}