{"id":15365,"date":"2021-05-03T07:40:23","date_gmt":"2021-05-03T07:40:23","guid":{"rendered":"https:\/\/www.paolobigelli.com\/artist-in-world-heritage-im-unesco-welterbe-oberes-mittelrheintal\/"},"modified":"2021-05-03T11:53:44","modified_gmt":"2021-05-03T11:53:44","slug":"artist-in-world-heritage-im-unesco-welterbe-oberes-mittelrheintal","status":"publish","type":"post","link":"https:\/\/www.paolobigelli.com\/de\/artist-in-world-heritage-im-unesco-welterbe-oberes-mittelrheintal\/","title":{"rendered":"&#8220;Artist in World Heritage&#8221; im UNESCO Welterbe Oberes Mittelrheintal"},"content":{"rendered":"<p>Sehr geehrte Damen und Herren,<\/p><p>es ist eine gro\u00dfe Freude und Ehre, Herrn Paolo Bigelli an diesem Ort als ersten \u201eArtist in World Heritage\u201c begr\u00fc\u00dfen zu d\u00fcrfen, &#8211; ein Modellprojekt, das bereits jetzt, \u00fcber diese Welterbe Region hinaus, auf internationales Interesse st\u00f6\u00dft. An der Universit\u00e4t Paderborn, im Fach Kunst, ist Paolo Bigelli seit Jahren kein Unbekannter, es besteht eine fruchtbare und enge Kooperation. Ateliergespr\u00e4che zwischen ihm und begeisterten Paderborner Kunststudierenden geh\u00f6rten zu der j\u00e4hrlichen Rom-Exkursion. Eine spannende Doktorarbeit \u00fcber Bigellis k\u00fcnstlerisches Wirken wurde 2019 von Olivia Bongs fertig gestellt und steht kurz vor der Ver\u00f6ffentlichung.<\/p><p>Was macht diesen K\u00fcnstler so bedeutsam? Es ist zu einem die Dichte und die k\u00fcnstlerische Breite seines Werkes, das zwischen Zeitlosigkeit und Aktualit\u00e4t changiert. Paolo Bigelli gelingt es dabei, zeitgen\u00f6ssische Themen mit den gro\u00dfen Traditionen von Mythen zu verbinden, und sie zugleich in zahlreiche Dialogfelder mit der Kunst der Moderne einzubetten. Mit einem fast magischen Verst\u00e4ndnis von Farbschichtungen und Linienf\u00fchrungen mischt der K\u00fcnstler somit Themen aus M\u00e4rchen und Sagen mit der globalen Popul\u00e4rkultur, Motiven aus Filmen und Plakaten, aus dem kollektiven Bilderschatz der Erinnerungen. Wir wandern in seinen Bildern sozusagen durch Ebenen der Kunstgeschichte wie durch Anspielungen auf die Malerei und Illustration des 20. Jahrhunderts, &#8211; und sind zugleich dann doch in der Gegenwart.<\/p><p>Mit den hier vorgestellten Werken ist es dem K\u00fcnstler in eindrucksvoller Weise gelungen, aus der Perspektive einer \u201eNeuen Romantik\u201c, mit den Mitteln der Malerei, f\u00fcr das Welterbe Mittelrheintal neue Motive und Sehweisen zu entwickeln, Welterbe neu zu erz\u00e4hlen. F\u00fcr diese k\u00fcnstlerische Leistung gilt dem K\u00fcnstler eine besondere Anerkennung und meine Gratulation.<\/p><p>Sie alle, sehr geehrte G\u00e4ste, werden sehr rasch in dieser Ausstellung Bilder entdecken, die ihnen einen ganz pers\u00f6nlichen Zugang er\u00f6ffnen: Ob es um das traditionsreiche und an einen mittelalterlichen Wandteppich erinnernde Gem\u00e4lde \u201eDie drei Feen\u201c handelt, oder die sehr zeitgen\u00f6ssische und ausdrucksstarke Loreley, das fast philosophische Wasserbild der Undinen oder auch um den Knaben mit den Weintrauben, der ein ber\u00fchmtes Motiv des italienischen Barockk\u00fcnstlers Caravaggio zitiert \u2013 in jedem Bild finden sie zugleich auch Ankn\u00fcpfungsmomente f\u00fcr ihre eigenen Imaginationen und Empfindungen.<\/p><p>Mein besonderer Dank gilt Herrn Ripp, der diesem Projekt R\u00e4ume seines wundersch\u00f6nen Hotels ge\u00f6ffnet hat, meiner Kollegin Frau Claudia Schwarz, Vorstand des UNESCO Welterbest\u00e4tten Vereins, die ma\u00dfgeblich zu dem Gelingen beigetragen hat, dem Italienischen Kulturinstitut Stuttgart, der Universit\u00e4t Paderborn und vor allem auch Herrn Arpesella, der als Kunstberater im Hintergrund eine wesentliche Unterst\u00fctzung geleistet hat.<\/p><p>Ich w\u00fcnsche Herrn Paolo Bigelli mit dieser Ausstellung aus ganzem Herzen den gr\u00f6\u00dftm\u00f6glichen Erfolg und eine langfristige und nachhaltige Ausstrahlung in die Ebenen des Welterbes hinein. Ebenso gebe ich der Hoffnung Ausdruck, dass das Modellprojekt \u201eArtist in World Heritage\u201c von vielen weiteren Welterbest\u00e4tten aufgegriffen wird und auch hier Herr Paolo Bigelli weitere k\u00fcnstlerische Wirkungsm\u00f6glichkeiten aufgreifen kann.<\/p><figure class=\"wp-block-image size-large is-resized\"><img loading=\"lazy\" decoding=\"async\" src=\"https:\/\/www.paolobigelli.com\/wp-content\/uploads\/2021\/05\/libro-jutta-1024x734.jpg\" alt=\"Artist in World Heritage&quot; im UNESCO Welterbe Oberes Mittelrheintal\" class=\"wp-image-15389\" width=\"1024\" height=\"734\" srcset=\"https:\/\/www.paolobigelli.com\/wp-content\/uploads\/2021\/05\/libro-jutta-1024x734.jpg 1024w, https:\/\/www.paolobigelli.com\/wp-content\/uploads\/2021\/05\/libro-jutta-300x215.jpg 300w, https:\/\/www.paolobigelli.com\/wp-content\/uploads\/2021\/05\/libro-jutta-768x551.jpg 768w, https:\/\/www.paolobigelli.com\/wp-content\/uploads\/2021\/05\/libro-jutta-600x430.jpg 600w\" sizes=\"(max-width: 1024px) 100vw, 1024px\" \/><\/figure><p><strong>Prof. Dr. Jutta Stroeter-Bender<\/strong><br><strong>Professore d&#8217;Arte e Didattica artistica\u00a0<\/strong><br><strong>Universit\u00e0 di Paderborn (Germania)<\/strong><\/p>","protected":false},"excerpt":{"rendered":"<p>Sehr geehrte Damen und Herren, es ist eine gro\u00dfe Freude und Ehre, Herrn Paolo Bigelli an diesem Ort als ersten \u201eArtist in World Heritage\u201c begr\u00fc\u00dfen zu d\u00fcrfen, &#8211; ein Modellprojekt, das bereits jetzt, \u00fcber diese Welterbe Region hinaus, auf internationales Interesse st\u00f6\u00dft. An der Universit\u00e4t Paderborn, im Fach Kunst, ist Paolo Bigelli seit Jahren kein &hellip;<\/p>\n","protected":false},"author":1,"featured_media":15370,"comment_status":"open","ping_status":"closed","sticky":false,"template":"","format":"standard","meta":{"_genesis_hide_title":false,"_genesis_hide_breadcrumbs":false,"_genesis_hide_singular_image":false,"_genesis_hide_footer_widgets":false,"_genesis_custom_body_class":"","_genesis_custom_post_class":"","_genesis_layout":"","_jetpack_newsletter_access":"","_jetpack_dont_email_post_to_subs":false,"_jetpack_newsletter_tier_id":0,"_jetpack_memberships_contains_paywalled_content":false,"_jetpack_memberships_contains_paid_content":false,"footnotes":""},"categories":[364],"tags":[],"yoast_head":"<!-- This site is optimized with the Yoast SEO plugin v23.8 - https:\/\/yoast.com\/wordpress\/plugins\/seo\/ -->\n<title>&quot;Artist in World Heritage&quot; im UNESCO Welterbe Oberes Mittelrheintal - Paolo Bigelli<\/title>\n<meta name=\"robots\" content=\"index, follow, max-snippet:-1, max-image-preview:large, max-video-preview:-1\" \/>\n<link rel=\"canonical\" href=\"https:\/\/www.paolobigelli.com\/de\/artist-in-world-heritage-im-unesco-welterbe-oberes-mittelrheintal\/\" \/>\n<meta property=\"og:locale\" content=\"de_DE\" \/>\n<meta property=\"og:type\" content=\"article\" \/>\n<meta property=\"og:title\" content=\"&quot;Artist in World Heritage&quot; im UNESCO Welterbe Oberes Mittelrheintal - Paolo Bigelli\" \/>\n<meta property=\"og:description\" content=\"Sehr geehrte Damen und Herren, es ist eine gro\u00dfe Freude und Ehre, Herrn Paolo Bigelli an diesem Ort als ersten \u201eArtist in World Heritage\u201c begr\u00fc\u00dfen zu d\u00fcrfen, &#8211; ein Modellprojekt, das bereits jetzt, \u00fcber diese Welterbe Region hinaus, auf internationales Interesse st\u00f6\u00dft. An der Universit\u00e4t Paderborn, im Fach Kunst, ist Paolo Bigelli seit Jahren kein &hellip;\" \/>\n<meta property=\"og:url\" content=\"https:\/\/www.paolobigelli.com\/de\/artist-in-world-heritage-im-unesco-welterbe-oberes-mittelrheintal\/\" \/>\n<meta property=\"og:site_name\" content=\"Paolo Bigelli\" \/>\n<meta property=\"article:publisher\" content=\"https:\/\/www.facebook.com\/pbigelli\/\" \/>\n<meta property=\"article:published_time\" content=\"2021-05-03T07:40:23+00:00\" \/>\n<meta property=\"article:modified_time\" content=\"2021-05-03T11:53:44+00:00\" \/>\n<meta property=\"og:image\" content=\"https:\/\/www.paolobigelli.com\/wp-content\/uploads\/2021\/05\/paolobigelliwerke_kopie.jpg\" \/>\n\t<meta property=\"og:image:width\" content=\"1080\" \/>\n\t<meta property=\"og:image:height\" content=\"571\" \/>\n\t<meta property=\"og:image:type\" content=\"image\/jpeg\" \/>\n<meta name=\"author\" content=\"Paolo Bigelli\" \/>\n<meta name=\"twitter:card\" content=\"summary_large_image\" \/>\n<meta name=\"twitter:label1\" content=\"Written by\" \/>\n\t<meta name=\"twitter:data1\" content=\"Paolo Bigelli\" \/>\n\t<meta name=\"twitter:label2\" content=\"Est. reading time\" \/>\n\t<meta name=\"twitter:data2\" content=\"3 minutes\" \/>\n<script type=\"application\/ld+json\" class=\"yoast-schema-graph\">{\"@context\":\"https:\/\/schema.org\",\"@graph\":[{\"@type\":\"Article\",\"@id\":\"https:\/\/www.paolobigelli.com\/de\/artist-in-world-heritage-im-unesco-welterbe-oberes-mittelrheintal\/#article\",\"isPartOf\":{\"@id\":\"https:\/\/www.paolobigelli.com\/de\/artist-in-world-heritage-im-unesco-welterbe-oberes-mittelrheintal\/\"},\"author\":{\"name\":\"Paolo Bigelli\",\"@id\":\"https:\/\/www.paolobigelli.com\/de\/#\/schema\/person\/3e4da24192ba0a889a59c69334eb2308\"},\"headline\":\"&#8220;Artist in World Heritage&#8221; im UNESCO Welterbe Oberes Mittelrheintal\",\"datePublished\":\"2021-05-03T07:40:23+00:00\",\"dateModified\":\"2021-05-03T11:53:44+00:00\",\"mainEntityOfPage\":{\"@id\":\"https:\/\/www.paolobigelli.com\/de\/artist-in-world-heritage-im-unesco-welterbe-oberes-mittelrheintal\/\"},\"wordCount\":520,\"commentCount\":0,\"publisher\":{\"@id\":\"https:\/\/www.paolobigelli.com\/de\/#organization\"},\"image\":{\"@id\":\"https:\/\/www.paolobigelli.com\/de\/artist-in-world-heritage-im-unesco-welterbe-oberes-mittelrheintal\/#primaryimage\"},\"thumbnailUrl\":\"https:\/\/www.paolobigelli.com\/wp-content\/uploads\/2021\/05\/paolobigelliwerke_kopie.jpg\",\"articleSection\":[\"Kommentare\"],\"inLanguage\":\"de-DE\",\"potentialAction\":[{\"@type\":\"CommentAction\",\"name\":\"Comment\",\"target\":[\"https:\/\/www.paolobigelli.com\/de\/artist-in-world-heritage-im-unesco-welterbe-oberes-mittelrheintal\/#respond\"]}]},{\"@type\":\"WebPage\",\"@id\":\"https:\/\/www.paolobigelli.com\/de\/artist-in-world-heritage-im-unesco-welterbe-oberes-mittelrheintal\/\",\"url\":\"https:\/\/www.paolobigelli.com\/de\/artist-in-world-heritage-im-unesco-welterbe-oberes-mittelrheintal\/\",\"name\":\"\\\"Artist in World Heritage\\\" im UNESCO Welterbe Oberes Mittelrheintal - Paolo Bigelli\",\"isPartOf\":{\"@id\":\"https:\/\/www.paolobigelli.com\/de\/#website\"},\"primaryImageOfPage\":{\"@id\":\"https:\/\/www.paolobigelli.com\/de\/artist-in-world-heritage-im-unesco-welterbe-oberes-mittelrheintal\/#primaryimage\"},\"image\":{\"@id\":\"https:\/\/www.paolobigelli.com\/de\/artist-in-world-heritage-im-unesco-welterbe-oberes-mittelrheintal\/#primaryimage\"},\"thumbnailUrl\":\"https:\/\/www.paolobigelli.com\/wp-content\/uploads\/2021\/05\/paolobigelliwerke_kopie.jpg\",\"datePublished\":\"2021-05-03T07:40:23+00:00\",\"dateModified\":\"2021-05-03T11:53:44+00:00\",\"breadcrumb\":{\"@id\":\"https:\/\/www.paolobigelli.com\/de\/artist-in-world-heritage-im-unesco-welterbe-oberes-mittelrheintal\/#breadcrumb\"},\"inLanguage\":\"de-DE\",\"potentialAction\":[{\"@type\":\"ReadAction\",\"target\":[\"https:\/\/www.paolobigelli.com\/de\/artist-in-world-heritage-im-unesco-welterbe-oberes-mittelrheintal\/\"]}]},{\"@type\":\"ImageObject\",\"inLanguage\":\"de-DE\",\"@id\":\"https:\/\/www.paolobigelli.com\/de\/artist-in-world-heritage-im-unesco-welterbe-oberes-mittelrheintal\/#primaryimage\",\"url\":\"https:\/\/www.paolobigelli.com\/wp-content\/uploads\/2021\/05\/paolobigelliwerke_kopie.jpg\",\"contentUrl\":\"https:\/\/www.paolobigelli.com\/wp-content\/uploads\/2021\/05\/paolobigelliwerke_kopie.jpg\",\"width\":1080,\"height\":571},{\"@type\":\"BreadcrumbList\",\"@id\":\"https:\/\/www.paolobigelli.com\/de\/artist-in-world-heritage-im-unesco-welterbe-oberes-mittelrheintal\/#breadcrumb\",\"itemListElement\":[{\"@type\":\"ListItem\",\"position\":1,\"name\":\"Home\",\"item\":\"https:\/\/www.paolobigelli.com\/de\/\"},{\"@type\":\"ListItem\",\"position\":2,\"name\":\"&#8222;Artist in World Heritage&#8220; im UNESCO Welterbe Oberes Mittelrheintal\"}]},{\"@type\":\"WebSite\",\"@id\":\"https:\/\/www.paolobigelli.com\/de\/#website\",\"url\":\"https:\/\/www.paolobigelli.com\/de\/\",\"name\":\"Paolo Bigelli\",\"description\":\"Pittore in Roma\",\"publisher\":{\"@id\":\"https:\/\/www.paolobigelli.com\/de\/#organization\"},\"potentialAction\":[{\"@type\":\"SearchAction\",\"target\":{\"@type\":\"EntryPoint\",\"urlTemplate\":\"https:\/\/www.paolobigelli.com\/de\/?s={search_term_string}\"},\"query-input\":{\"@type\":\"PropertyValueSpecification\",\"valueRequired\":true,\"valueName\":\"search_term_string\"}}],\"inLanguage\":\"de-DE\"},{\"@type\":\"Organization\",\"@id\":\"https:\/\/www.paolobigelli.com\/de\/#organization\",\"name\":\"Paolo Bigelli\",\"url\":\"https:\/\/www.paolobigelli.com\/de\/\",\"logo\":{\"@type\":\"ImageObject\",\"inLanguage\":\"de-DE\",\"@id\":\"https:\/\/www.paolobigelli.com\/de\/#\/schema\/logo\/image\/\",\"url\":\"https:\/\/www.paolobigelli.com\/wp-content\/uploads\/2020\/12\/logo2.png\",\"contentUrl\":\"https:\/\/www.paolobigelli.com\/wp-content\/uploads\/2020\/12\/logo2.png\",\"width\":200,\"height\":100,\"caption\":\"Paolo Bigelli\"},\"image\":{\"@id\":\"https:\/\/www.paolobigelli.com\/de\/#\/schema\/logo\/image\/\"},\"sameAs\":[\"https:\/\/www.facebook.com\/pbigelli\/\"]},{\"@type\":\"Person\",\"@id\":\"https:\/\/www.paolobigelli.com\/de\/#\/schema\/person\/3e4da24192ba0a889a59c69334eb2308\",\"name\":\"Paolo Bigelli\",\"image\":{\"@type\":\"ImageObject\",\"inLanguage\":\"de-DE\",\"@id\":\"https:\/\/www.paolobigelli.com\/de\/#\/schema\/person\/image\/\",\"url\":\"https:\/\/secure.gravatar.com\/avatar\/01ee7ce54c2b1955693f4a95d581c48d?s=96&d=mm&r=g\",\"contentUrl\":\"https:\/\/secure.gravatar.com\/avatar\/01ee7ce54c2b1955693f4a95d581c48d?s=96&d=mm&r=g\",\"caption\":\"Paolo Bigelli\"},\"sameAs\":[\"https:\/\/www.paolobigelli.com\"],\"url\":\"https:\/\/www.paolobigelli.com\/de\/author\/samanta\/\"}]}<\/script>\n<!-- \/ Yoast SEO plugin. -->","yoast_head_json":{"title":"\"Artist in World Heritage\" im UNESCO Welterbe Oberes Mittelrheintal - Paolo Bigelli","robots":{"index":"index","follow":"follow","max-snippet":"max-snippet:-1","max-image-preview":"max-image-preview:large","max-video-preview":"max-video-preview:-1"},"canonical":"https:\/\/www.paolobigelli.com\/de\/artist-in-world-heritage-im-unesco-welterbe-oberes-mittelrheintal\/","og_locale":"de_DE","og_type":"article","og_title":"\"Artist in World Heritage\" im UNESCO Welterbe Oberes Mittelrheintal - Paolo Bigelli","og_description":"Sehr geehrte Damen und Herren, es ist eine gro\u00dfe Freude und Ehre, Herrn Paolo Bigelli an diesem Ort als ersten \u201eArtist in World Heritage\u201c begr\u00fc\u00dfen zu d\u00fcrfen, &#8211; ein Modellprojekt, das bereits jetzt, \u00fcber diese Welterbe Region hinaus, auf internationales Interesse st\u00f6\u00dft. An der Universit\u00e4t Paderborn, im Fach Kunst, ist Paolo Bigelli seit Jahren kein &hellip;","og_url":"https:\/\/www.paolobigelli.com\/de\/artist-in-world-heritage-im-unesco-welterbe-oberes-mittelrheintal\/","og_site_name":"Paolo Bigelli","article_publisher":"https:\/\/www.facebook.com\/pbigelli\/","article_published_time":"2021-05-03T07:40:23+00:00","article_modified_time":"2021-05-03T11:53:44+00:00","og_image":[{"width":1080,"height":571,"url":"https:\/\/www.paolobigelli.com\/wp-content\/uploads\/2021\/05\/paolobigelliwerke_kopie.jpg","type":"image\/jpeg"}],"author":"Paolo Bigelli","twitter_card":"summary_large_image","twitter_misc":{"Written by":"Paolo Bigelli","Est. reading time":"3 minutes"},"schema":{"@context":"https:\/\/schema.org","@graph":[{"@type":"Article","@id":"https:\/\/www.paolobigelli.com\/de\/artist-in-world-heritage-im-unesco-welterbe-oberes-mittelrheintal\/#article","isPartOf":{"@id":"https:\/\/www.paolobigelli.com\/de\/artist-in-world-heritage-im-unesco-welterbe-oberes-mittelrheintal\/"},"author":{"name":"Paolo Bigelli","@id":"https:\/\/www.paolobigelli.com\/de\/#\/schema\/person\/3e4da24192ba0a889a59c69334eb2308"},"headline":"&#8220;Artist in World Heritage&#8221; im UNESCO Welterbe Oberes Mittelrheintal","datePublished":"2021-05-03T07:40:23+00:00","dateModified":"2021-05-03T11:53:44+00:00","mainEntityOfPage":{"@id":"https:\/\/www.paolobigelli.com\/de\/artist-in-world-heritage-im-unesco-welterbe-oberes-mittelrheintal\/"},"wordCount":520,"commentCount":0,"publisher":{"@id":"https:\/\/www.paolobigelli.com\/de\/#organization"},"image":{"@id":"https:\/\/www.paolobigelli.com\/de\/artist-in-world-heritage-im-unesco-welterbe-oberes-mittelrheintal\/#primaryimage"},"thumbnailUrl":"https:\/\/www.paolobigelli.com\/wp-content\/uploads\/2021\/05\/paolobigelliwerke_kopie.jpg","articleSection":["Kommentare"],"inLanguage":"de-DE","potentialAction":[{"@type":"CommentAction","name":"Comment","target":["https:\/\/www.paolobigelli.com\/de\/artist-in-world-heritage-im-unesco-welterbe-oberes-mittelrheintal\/#respond"]}]},{"@type":"WebPage","@id":"https:\/\/www.paolobigelli.com\/de\/artist-in-world-heritage-im-unesco-welterbe-oberes-mittelrheintal\/","url":"https:\/\/www.paolobigelli.com\/de\/artist-in-world-heritage-im-unesco-welterbe-oberes-mittelrheintal\/","name":"\"Artist in World Heritage\" im UNESCO Welterbe Oberes Mittelrheintal - Paolo Bigelli","isPartOf":{"@id":"https:\/\/www.paolobigelli.com\/de\/#website"},"primaryImageOfPage":{"@id":"https:\/\/www.paolobigelli.com\/de\/artist-in-world-heritage-im-unesco-welterbe-oberes-mittelrheintal\/#primaryimage"},"image":{"@id":"https:\/\/www.paolobigelli.com\/de\/artist-in-world-heritage-im-unesco-welterbe-oberes-mittelrheintal\/#primaryimage"},"thumbnailUrl":"https:\/\/www.paolobigelli.com\/wp-content\/uploads\/2021\/05\/paolobigelliwerke_kopie.jpg","datePublished":"2021-05-03T07:40:23+00:00","dateModified":"2021-05-03T11:53:44+00:00","breadcrumb":{"@id":"https:\/\/www.paolobigelli.com\/de\/artist-in-world-heritage-im-unesco-welterbe-oberes-mittelrheintal\/#breadcrumb"},"inLanguage":"de-DE","potentialAction":[{"@type":"ReadAction","target":["https:\/\/www.paolobigelli.com\/de\/artist-in-world-heritage-im-unesco-welterbe-oberes-mittelrheintal\/"]}]},{"@type":"ImageObject","inLanguage":"de-DE","@id":"https:\/\/www.paolobigelli.com\/de\/artist-in-world-heritage-im-unesco-welterbe-oberes-mittelrheintal\/#primaryimage","url":"https:\/\/www.paolobigelli.com\/wp-content\/uploads\/2021\/05\/paolobigelliwerke_kopie.jpg","contentUrl":"https:\/\/www.paolobigelli.com\/wp-content\/uploads\/2021\/05\/paolobigelliwerke_kopie.jpg","width":1080,"height":571},{"@type":"BreadcrumbList","@id":"https:\/\/www.paolobigelli.com\/de\/artist-in-world-heritage-im-unesco-welterbe-oberes-mittelrheintal\/#breadcrumb","itemListElement":[{"@type":"ListItem","position":1,"name":"Home","item":"https:\/\/www.paolobigelli.com\/de\/"},{"@type":"ListItem","position":2,"name":"&#8222;Artist in World Heritage&#8220; im UNESCO Welterbe Oberes Mittelrheintal"}]},{"@type":"WebSite","@id":"https:\/\/www.paolobigelli.com\/de\/#website","url":"https:\/\/www.paolobigelli.com\/de\/","name":"Paolo Bigelli","description":"Pittore in Roma","publisher":{"@id":"https:\/\/www.paolobigelli.com\/de\/#organization"},"potentialAction":[{"@type":"SearchAction","target":{"@type":"EntryPoint","urlTemplate":"https:\/\/www.paolobigelli.com\/de\/?s={search_term_string}"},"query-input":{"@type":"PropertyValueSpecification","valueRequired":true,"valueName":"search_term_string"}}],"inLanguage":"de-DE"},{"@type":"Organization","@id":"https:\/\/www.paolobigelli.com\/de\/#organization","name":"Paolo Bigelli","url":"https:\/\/www.paolobigelli.com\/de\/","logo":{"@type":"ImageObject","inLanguage":"de-DE","@id":"https:\/\/www.paolobigelli.com\/de\/#\/schema\/logo\/image\/","url":"https:\/\/www.paolobigelli.com\/wp-content\/uploads\/2020\/12\/logo2.png","contentUrl":"https:\/\/www.paolobigelli.com\/wp-content\/uploads\/2020\/12\/logo2.png","width":200,"height":100,"caption":"Paolo Bigelli"},"image":{"@id":"https:\/\/www.paolobigelli.com\/de\/#\/schema\/logo\/image\/"},"sameAs":["https:\/\/www.facebook.com\/pbigelli\/"]},{"@type":"Person","@id":"https:\/\/www.paolobigelli.com\/de\/#\/schema\/person\/3e4da24192ba0a889a59c69334eb2308","name":"Paolo Bigelli","image":{"@type":"ImageObject","inLanguage":"de-DE","@id":"https:\/\/www.paolobigelli.com\/de\/#\/schema\/person\/image\/","url":"https:\/\/secure.gravatar.com\/avatar\/01ee7ce54c2b1955693f4a95d581c48d?s=96&d=mm&r=g","contentUrl":"https:\/\/secure.gravatar.com\/avatar\/01ee7ce54c2b1955693f4a95d581c48d?s=96&d=mm&r=g","caption":"Paolo Bigelli"},"sameAs":["https:\/\/www.paolobigelli.com"],"url":"https:\/\/www.paolobigelli.com\/de\/author\/samanta\/"}]}},"jetpack_sharing_enabled":true,"jetpack_featured_media_url":"https:\/\/www.paolobigelli.com\/wp-content\/uploads\/2021\/05\/paolobigelliwerke_kopie.jpg","_links":{"self":[{"href":"https:\/\/www.paolobigelli.com\/de\/wp-json\/wp\/v2\/posts\/15365"}],"collection":[{"href":"https:\/\/www.paolobigelli.com\/de\/wp-json\/wp\/v2\/posts"}],"about":[{"href":"https:\/\/www.paolobigelli.com\/de\/wp-json\/wp\/v2\/types\/post"}],"author":[{"embeddable":true,"href":"https:\/\/www.paolobigelli.com\/de\/wp-json\/wp\/v2\/users\/1"}],"replies":[{"embeddable":true,"href":"https:\/\/www.paolobigelli.com\/de\/wp-json\/wp\/v2\/comments?post=15365"}],"version-history":[{"count":0,"href":"https:\/\/www.paolobigelli.com\/de\/wp-json\/wp\/v2\/posts\/15365\/revisions"}],"wp:featuredmedia":[{"embeddable":true,"href":"https:\/\/www.paolobigelli.com\/de\/wp-json\/wp\/v2\/media\/15370"}],"wp:attachment":[{"href":"https:\/\/www.paolobigelli.com\/de\/wp-json\/wp\/v2\/media?parent=15365"}],"wp:term":[{"taxonomy":"category","embeddable":true,"href":"https:\/\/www.paolobigelli.com\/de\/wp-json\/wp\/v2\/categories?post=15365"},{"taxonomy":"post_tag","embeddable":true,"href":"https:\/\/www.paolobigelli.com\/de\/wp-json\/wp\/v2\/tags?post=15365"}],"curies":[{"name":"wp","href":"https:\/\/api.w.org\/{rel}","templated":true}]}}