{"id":10908,"date":"2017-10-08T09:26:01","date_gmt":"2017-10-08T09:26:01","guid":{"rendered":"https:\/\/paolobigelli.com\/pret-a-accrocher\/"},"modified":"2017-10-08T09:26:01","modified_gmt":"2017-10-08T09:26:01","slug":"pret-a-accrocher","status":"publish","type":"post","link":"https:\/\/www.paolobigelli.com\/de\/pret-a-accrocher\/","title":{"rendered":"Pr\u00eat \u00e0 accrocher"},"content":{"rendered":"<figure class=\"wp-block-image size-large\"><img loading=\"lazy\" decoding=\"async\" width=\"1000\" height=\"714\" src=\"https:\/\/www.paolobigelli.com\/wp-content\/uploads\/2020\/12\/Pret-a-accrocher-invito-mostra-paolo-bigelli-2017.jpg\" alt=\"\" class=\"wp-image-10070\" srcset=\"https:\/\/www.paolobigelli.com\/wp-content\/uploads\/2020\/12\/Pret-a-accrocher-invito-mostra-paolo-bigelli-2017.jpg 1000w, https:\/\/www.paolobigelli.com\/wp-content\/uploads\/2020\/12\/Pret-a-accrocher-invito-mostra-paolo-bigelli-2017-600x428.jpg 600w\" sizes=\"(max-width: 1000px) 100vw, 1000px\" \/><\/figure><p><strong>2017, Roma<\/strong>:<br>Pr\u00eat \u00e0 accrocher<br><em>Il Laboratorio &#8211; Via del Moro, 49 &#8211; 00153 Roma<\/em><br>fino al 19 novembre 2017 &#8211; orari 15,30\/20,30<\/p><p class=\"didascalia\"><em>Oggi, le immagini scorrono sempre pi\u00f9 rapide davanti ai nostri occhi impressionando cos\u00ec le nostre retine per millesimi di secondo, in una fruizione veloce e spesso superficiale.<br>Istantanee, selfie, manifesti che si rinnovano in una sequenza temporale pi\u00f9 serrata e perfino superiore alla cadenza stagionale delle mode.<br>Tuttavia, questa sorta di bulimia iconografica non \u00e8 da considerarsi del tutto negativa se, applicata \u2013 ad esempio \u2013 ad un\u2019opera d\u2019arte, pu\u00f2 suggerire un diverso e pi\u00f9 disinvolto modo di fruirne.<br>Proviamo, infatti, a pensare anche ad un quadro come se fosse un abito da indossare e, quindi, a come una parete potrebbe apparire di volta in volta diversa cambiandovi i quadri pi\u00f9 frequentemente.<br>Perch\u00e9 ci\u00f2 avvenga, \u00e8 per\u00f2 opportuno attribuire al quadro stesso una differente e pi\u00f9 \u201csimpatica\u201d valenza rispetto a quella abitualmente solenne e algida su cui poggia, in larga parte, il mercato dell\u2019arte nelle sue eleganti gallerie e con i suoi alti ma non sempre giustificabili costi. In quest\u2019ottica, un quadro pu\u00f2 anche non essere costoso e, proprio in ragione della sua \u201cintercambiabilit\u00e0\u201d, non necessariamente uno \u201cstatico\u201d oggetto di arredamento ma, piuttosto, rappresentare una sua unicit\u00e0 di esistenza non collegata ai colori di un divano o di una parete. Insomma: in movimento e libero.<br>\u00c8 cos\u00ec che ogni quadro \u00e8 semplicemente una piccola o grande emozione trasposta su tela, un investimento d\u2019impulso per puro piacere, senza altra finalit\u00e0 che non quella di soddisfarci.<br>Questo \u00e8, quindi, il genere di opere che qui vi presento perch\u00e9 possiate goderne con la stessa piacevole leggerezza con la quale si sceglie anche un abito da indossare&#8230; pr\u00eat \u00e0 accrocher!<\/em><\/p>","protected":false},"excerpt":{"rendered":"<p>2017, Roma:Pr\u00eat \u00e0 accrocherIl Laboratorio &#8211; Via del Moro, 49 &#8211; 00153 Romafino al 19 novembre 2017 &#8211; orari 15,30\/20,30 Oggi, le immagini scorrono sempre pi\u00f9 rapide davanti ai nostri occhi impressionando cos\u00ec le nostre retine per millesimi di secondo, in una fruizione veloce e spesso superficiale.Istantanee, selfie, manifesti che si rinnovano in una sequenza &hellip;<\/p>\n","protected":false},"author":1,"featured_media":10070,"comment_status":"open","ping_status":"closed","sticky":false,"template":"","format":"standard","meta":{"_genesis_hide_title":false,"_genesis_hide_breadcrumbs":false,"_genesis_hide_singular_image":false,"_genesis_hide_footer_widgets":false,"_genesis_custom_body_class":"","_genesis_custom_post_class":"","_genesis_layout":"","_jetpack_newsletter_access":"","_jetpack_dont_email_post_to_subs":false,"_jetpack_newsletter_tier_id":0,"_jetpack_memberships_contains_paywalled_content":false,"_jetpack_memberships_contains_paid_content":false,"footnotes":""},"categories":[1164],"tags":[],"yoast_head":"<!-- This site is optimized with the Yoast SEO plugin v23.8 - https:\/\/yoast.com\/wordpress\/plugins\/seo\/ -->\n<title>Pr\u00eat \u00e0 accrocher - Paolo Bigelli<\/title>\n<meta name=\"robots\" content=\"index, follow, max-snippet:-1, max-image-preview:large, max-video-preview:-1\" \/>\n<link rel=\"canonical\" href=\"https:\/\/www.paolobigelli.com\/de\/pret-a-accrocher\/\" \/>\n<meta property=\"og:locale\" content=\"de_DE\" \/>\n<meta property=\"og:type\" content=\"article\" \/>\n<meta property=\"og:title\" content=\"Pr\u00eat \u00e0 accrocher - Paolo Bigelli\" \/>\n<meta property=\"og:description\" content=\"2017, Roma:Pr\u00eat \u00e0 accrocherIl Laboratorio &#8211; Via del Moro, 49 &#8211; 00153 Romafino al 19 novembre 2017 &#8211; orari 15,30\/20,30 Oggi, le immagini scorrono sempre pi\u00f9 rapide davanti ai nostri occhi impressionando cos\u00ec le nostre retine per millesimi di secondo, in una fruizione veloce e spesso superficiale.Istantanee, selfie, manifesti che si rinnovano in una sequenza &hellip;\" \/>\n<meta property=\"og:url\" content=\"https:\/\/www.paolobigelli.com\/de\/pret-a-accrocher\/\" \/>\n<meta property=\"og:site_name\" content=\"Paolo Bigelli\" \/>\n<meta property=\"article:publisher\" content=\"https:\/\/www.facebook.com\/pbigelli\/\" \/>\n<meta property=\"article:published_time\" content=\"2017-10-08T09:26:01+00:00\" \/>\n<meta property=\"og:image\" content=\"https:\/\/www.paolobigelli.com\/wp-content\/uploads\/2020\/12\/Pret-a-accrocher-invito-mostra-paolo-bigelli-2017.jpg\" \/>\n\t<meta property=\"og:image:width\" content=\"1000\" \/>\n\t<meta property=\"og:image:height\" content=\"714\" \/>\n\t<meta property=\"og:image:type\" content=\"image\/jpeg\" \/>\n<meta name=\"author\" content=\"Paolo Bigelli\" \/>\n<meta name=\"twitter:card\" content=\"summary_large_image\" \/>\n<meta name=\"twitter:label1\" content=\"Written by\" \/>\n\t<meta name=\"twitter:data1\" content=\"Paolo Bigelli\" \/>\n\t<meta name=\"twitter:label2\" content=\"Est. reading time\" \/>\n\t<meta name=\"twitter:data2\" content=\"1 minute\" \/>\n<script type=\"application\/ld+json\" class=\"yoast-schema-graph\">{\"@context\":\"https:\/\/schema.org\",\"@graph\":[{\"@type\":\"Article\",\"@id\":\"https:\/\/www.paolobigelli.com\/de\/pret-a-accrocher\/#article\",\"isPartOf\":{\"@id\":\"https:\/\/www.paolobigelli.com\/de\/pret-a-accrocher\/\"},\"author\":{\"name\":\"Paolo Bigelli\",\"@id\":\"https:\/\/www.paolobigelli.com\/de\/#\/schema\/person\/3e4da24192ba0a889a59c69334eb2308\"},\"headline\":\"Pr\u00eat \u00e0 accrocher\",\"datePublished\":\"2017-10-08T09:26:01+00:00\",\"dateModified\":\"2017-10-08T09:26:01+00:00\",\"mainEntityOfPage\":{\"@id\":\"https:\/\/www.paolobigelli.com\/de\/pret-a-accrocher\/\"},\"wordCount\":284,\"commentCount\":0,\"publisher\":{\"@id\":\"https:\/\/www.paolobigelli.com\/de\/#organization\"},\"image\":{\"@id\":\"https:\/\/www.paolobigelli.com\/de\/pret-a-accrocher\/#primaryimage\"},\"thumbnailUrl\":\"https:\/\/www.paolobigelli.com\/wp-content\/uploads\/2020\/12\/Pret-a-accrocher-invito-mostra-paolo-bigelli-2017.jpg\",\"articleSection\":[\"Progetti\"],\"inLanguage\":\"de-DE\",\"potentialAction\":[{\"@type\":\"CommentAction\",\"name\":\"Comment\",\"target\":[\"https:\/\/www.paolobigelli.com\/de\/pret-a-accrocher\/#respond\"]}]},{\"@type\":\"WebPage\",\"@id\":\"https:\/\/www.paolobigelli.com\/de\/pret-a-accrocher\/\",\"url\":\"https:\/\/www.paolobigelli.com\/de\/pret-a-accrocher\/\",\"name\":\"Pr\u00eat \u00e0 accrocher - Paolo Bigelli\",\"isPartOf\":{\"@id\":\"https:\/\/www.paolobigelli.com\/de\/#website\"},\"primaryImageOfPage\":{\"@id\":\"https:\/\/www.paolobigelli.com\/de\/pret-a-accrocher\/#primaryimage\"},\"image\":{\"@id\":\"https:\/\/www.paolobigelli.com\/de\/pret-a-accrocher\/#primaryimage\"},\"thumbnailUrl\":\"https:\/\/www.paolobigelli.com\/wp-content\/uploads\/2020\/12\/Pret-a-accrocher-invito-mostra-paolo-bigelli-2017.jpg\",\"datePublished\":\"2017-10-08T09:26:01+00:00\",\"dateModified\":\"2017-10-08T09:26:01+00:00\",\"breadcrumb\":{\"@id\":\"https:\/\/www.paolobigelli.com\/de\/pret-a-accrocher\/#breadcrumb\"},\"inLanguage\":\"de-DE\",\"potentialAction\":[{\"@type\":\"ReadAction\",\"target\":[\"https:\/\/www.paolobigelli.com\/de\/pret-a-accrocher\/\"]}]},{\"@type\":\"ImageObject\",\"inLanguage\":\"de-DE\",\"@id\":\"https:\/\/www.paolobigelli.com\/de\/pret-a-accrocher\/#primaryimage\",\"url\":\"https:\/\/www.paolobigelli.com\/wp-content\/uploads\/2020\/12\/Pret-a-accrocher-invito-mostra-paolo-bigelli-2017.jpg\",\"contentUrl\":\"https:\/\/www.paolobigelli.com\/wp-content\/uploads\/2020\/12\/Pret-a-accrocher-invito-mostra-paolo-bigelli-2017.jpg\",\"width\":1000,\"height\":714},{\"@type\":\"BreadcrumbList\",\"@id\":\"https:\/\/www.paolobigelli.com\/de\/pret-a-accrocher\/#breadcrumb\",\"itemListElement\":[{\"@type\":\"ListItem\",\"position\":1,\"name\":\"Home\",\"item\":\"https:\/\/www.paolobigelli.com\/de\/\"},{\"@type\":\"ListItem\",\"position\":2,\"name\":\"Pr\u00eat \u00e0 accrocher\"}]},{\"@type\":\"WebSite\",\"@id\":\"https:\/\/www.paolobigelli.com\/de\/#website\",\"url\":\"https:\/\/www.paolobigelli.com\/de\/\",\"name\":\"Paolo Bigelli\",\"description\":\"Pittore in Roma\",\"publisher\":{\"@id\":\"https:\/\/www.paolobigelli.com\/de\/#organization\"},\"potentialAction\":[{\"@type\":\"SearchAction\",\"target\":{\"@type\":\"EntryPoint\",\"urlTemplate\":\"https:\/\/www.paolobigelli.com\/de\/?s={search_term_string}\"},\"query-input\":{\"@type\":\"PropertyValueSpecification\",\"valueRequired\":true,\"valueName\":\"search_term_string\"}}],\"inLanguage\":\"de-DE\"},{\"@type\":\"Organization\",\"@id\":\"https:\/\/www.paolobigelli.com\/de\/#organization\",\"name\":\"Paolo Bigelli\",\"url\":\"https:\/\/www.paolobigelli.com\/de\/\",\"logo\":{\"@type\":\"ImageObject\",\"inLanguage\":\"de-DE\",\"@id\":\"https:\/\/www.paolobigelli.com\/de\/#\/schema\/logo\/image\/\",\"url\":\"https:\/\/www.paolobigelli.com\/wp-content\/uploads\/2020\/12\/logo2.png\",\"contentUrl\":\"https:\/\/www.paolobigelli.com\/wp-content\/uploads\/2020\/12\/logo2.png\",\"width\":200,\"height\":100,\"caption\":\"Paolo Bigelli\"},\"image\":{\"@id\":\"https:\/\/www.paolobigelli.com\/de\/#\/schema\/logo\/image\/\"},\"sameAs\":[\"https:\/\/www.facebook.com\/pbigelli\/\"]},{\"@type\":\"Person\",\"@id\":\"https:\/\/www.paolobigelli.com\/de\/#\/schema\/person\/3e4da24192ba0a889a59c69334eb2308\",\"name\":\"Paolo Bigelli\",\"image\":{\"@type\":\"ImageObject\",\"inLanguage\":\"de-DE\",\"@id\":\"https:\/\/www.paolobigelli.com\/de\/#\/schema\/person\/image\/\",\"url\":\"https:\/\/secure.gravatar.com\/avatar\/01ee7ce54c2b1955693f4a95d581c48d?s=96&d=mm&r=g\",\"contentUrl\":\"https:\/\/secure.gravatar.com\/avatar\/01ee7ce54c2b1955693f4a95d581c48d?s=96&d=mm&r=g\",\"caption\":\"Paolo Bigelli\"},\"sameAs\":[\"https:\/\/www.paolobigelli.com\"],\"url\":\"https:\/\/www.paolobigelli.com\/de\/author\/samanta\/\"}]}<\/script>\n<!-- \/ Yoast SEO plugin. -->","yoast_head_json":{"title":"Pr\u00eat \u00e0 accrocher - Paolo Bigelli","robots":{"index":"index","follow":"follow","max-snippet":"max-snippet:-1","max-image-preview":"max-image-preview:large","max-video-preview":"max-video-preview:-1"},"canonical":"https:\/\/www.paolobigelli.com\/de\/pret-a-accrocher\/","og_locale":"de_DE","og_type":"article","og_title":"Pr\u00eat \u00e0 accrocher - Paolo Bigelli","og_description":"2017, Roma:Pr\u00eat \u00e0 accrocherIl Laboratorio &#8211; Via del Moro, 49 &#8211; 00153 Romafino al 19 novembre 2017 &#8211; orari 15,30\/20,30 Oggi, le immagini scorrono sempre pi\u00f9 rapide davanti ai nostri occhi impressionando cos\u00ec le nostre retine per millesimi di secondo, in una fruizione veloce e spesso superficiale.Istantanee, selfie, manifesti che si rinnovano in una sequenza &hellip;","og_url":"https:\/\/www.paolobigelli.com\/de\/pret-a-accrocher\/","og_site_name":"Paolo Bigelli","article_publisher":"https:\/\/www.facebook.com\/pbigelli\/","article_published_time":"2017-10-08T09:26:01+00:00","og_image":[{"width":1000,"height":714,"url":"https:\/\/www.paolobigelli.com\/wp-content\/uploads\/2020\/12\/Pret-a-accrocher-invito-mostra-paolo-bigelli-2017.jpg","type":"image\/jpeg"}],"author":"Paolo Bigelli","twitter_card":"summary_large_image","twitter_misc":{"Written by":"Paolo Bigelli","Est. reading time":"1 minute"},"schema":{"@context":"https:\/\/schema.org","@graph":[{"@type":"Article","@id":"https:\/\/www.paolobigelli.com\/de\/pret-a-accrocher\/#article","isPartOf":{"@id":"https:\/\/www.paolobigelli.com\/de\/pret-a-accrocher\/"},"author":{"name":"Paolo Bigelli","@id":"https:\/\/www.paolobigelli.com\/de\/#\/schema\/person\/3e4da24192ba0a889a59c69334eb2308"},"headline":"Pr\u00eat \u00e0 accrocher","datePublished":"2017-10-08T09:26:01+00:00","dateModified":"2017-10-08T09:26:01+00:00","mainEntityOfPage":{"@id":"https:\/\/www.paolobigelli.com\/de\/pret-a-accrocher\/"},"wordCount":284,"commentCount":0,"publisher":{"@id":"https:\/\/www.paolobigelli.com\/de\/#organization"},"image":{"@id":"https:\/\/www.paolobigelli.com\/de\/pret-a-accrocher\/#primaryimage"},"thumbnailUrl":"https:\/\/www.paolobigelli.com\/wp-content\/uploads\/2020\/12\/Pret-a-accrocher-invito-mostra-paolo-bigelli-2017.jpg","articleSection":["Progetti"],"inLanguage":"de-DE","potentialAction":[{"@type":"CommentAction","name":"Comment","target":["https:\/\/www.paolobigelli.com\/de\/pret-a-accrocher\/#respond"]}]},{"@type":"WebPage","@id":"https:\/\/www.paolobigelli.com\/de\/pret-a-accrocher\/","url":"https:\/\/www.paolobigelli.com\/de\/pret-a-accrocher\/","name":"Pr\u00eat \u00e0 accrocher - Paolo Bigelli","isPartOf":{"@id":"https:\/\/www.paolobigelli.com\/de\/#website"},"primaryImageOfPage":{"@id":"https:\/\/www.paolobigelli.com\/de\/pret-a-accrocher\/#primaryimage"},"image":{"@id":"https:\/\/www.paolobigelli.com\/de\/pret-a-accrocher\/#primaryimage"},"thumbnailUrl":"https:\/\/www.paolobigelli.com\/wp-content\/uploads\/2020\/12\/Pret-a-accrocher-invito-mostra-paolo-bigelli-2017.jpg","datePublished":"2017-10-08T09:26:01+00:00","dateModified":"2017-10-08T09:26:01+00:00","breadcrumb":{"@id":"https:\/\/www.paolobigelli.com\/de\/pret-a-accrocher\/#breadcrumb"},"inLanguage":"de-DE","potentialAction":[{"@type":"ReadAction","target":["https:\/\/www.paolobigelli.com\/de\/pret-a-accrocher\/"]}]},{"@type":"ImageObject","inLanguage":"de-DE","@id":"https:\/\/www.paolobigelli.com\/de\/pret-a-accrocher\/#primaryimage","url":"https:\/\/www.paolobigelli.com\/wp-content\/uploads\/2020\/12\/Pret-a-accrocher-invito-mostra-paolo-bigelli-2017.jpg","contentUrl":"https:\/\/www.paolobigelli.com\/wp-content\/uploads\/2020\/12\/Pret-a-accrocher-invito-mostra-paolo-bigelli-2017.jpg","width":1000,"height":714},{"@type":"BreadcrumbList","@id":"https:\/\/www.paolobigelli.com\/de\/pret-a-accrocher\/#breadcrumb","itemListElement":[{"@type":"ListItem","position":1,"name":"Home","item":"https:\/\/www.paolobigelli.com\/de\/"},{"@type":"ListItem","position":2,"name":"Pr\u00eat \u00e0 accrocher"}]},{"@type":"WebSite","@id":"https:\/\/www.paolobigelli.com\/de\/#website","url":"https:\/\/www.paolobigelli.com\/de\/","name":"Paolo Bigelli","description":"Pittore in Roma","publisher":{"@id":"https:\/\/www.paolobigelli.com\/de\/#organization"},"potentialAction":[{"@type":"SearchAction","target":{"@type":"EntryPoint","urlTemplate":"https:\/\/www.paolobigelli.com\/de\/?s={search_term_string}"},"query-input":{"@type":"PropertyValueSpecification","valueRequired":true,"valueName":"search_term_string"}}],"inLanguage":"de-DE"},{"@type":"Organization","@id":"https:\/\/www.paolobigelli.com\/de\/#organization","name":"Paolo Bigelli","url":"https:\/\/www.paolobigelli.com\/de\/","logo":{"@type":"ImageObject","inLanguage":"de-DE","@id":"https:\/\/www.paolobigelli.com\/de\/#\/schema\/logo\/image\/","url":"https:\/\/www.paolobigelli.com\/wp-content\/uploads\/2020\/12\/logo2.png","contentUrl":"https:\/\/www.paolobigelli.com\/wp-content\/uploads\/2020\/12\/logo2.png","width":200,"height":100,"caption":"Paolo Bigelli"},"image":{"@id":"https:\/\/www.paolobigelli.com\/de\/#\/schema\/logo\/image\/"},"sameAs":["https:\/\/www.facebook.com\/pbigelli\/"]},{"@type":"Person","@id":"https:\/\/www.paolobigelli.com\/de\/#\/schema\/person\/3e4da24192ba0a889a59c69334eb2308","name":"Paolo Bigelli","image":{"@type":"ImageObject","inLanguage":"de-DE","@id":"https:\/\/www.paolobigelli.com\/de\/#\/schema\/person\/image\/","url":"https:\/\/secure.gravatar.com\/avatar\/01ee7ce54c2b1955693f4a95d581c48d?s=96&d=mm&r=g","contentUrl":"https:\/\/secure.gravatar.com\/avatar\/01ee7ce54c2b1955693f4a95d581c48d?s=96&d=mm&r=g","caption":"Paolo Bigelli"},"sameAs":["https:\/\/www.paolobigelli.com"],"url":"https:\/\/www.paolobigelli.com\/de\/author\/samanta\/"}]}},"jetpack_sharing_enabled":true,"jetpack_featured_media_url":"https:\/\/www.paolobigelli.com\/wp-content\/uploads\/2020\/12\/Pret-a-accrocher-invito-mostra-paolo-bigelli-2017.jpg","_links":{"self":[{"href":"https:\/\/www.paolobigelli.com\/de\/wp-json\/wp\/v2\/posts\/10908"}],"collection":[{"href":"https:\/\/www.paolobigelli.com\/de\/wp-json\/wp\/v2\/posts"}],"about":[{"href":"https:\/\/www.paolobigelli.com\/de\/wp-json\/wp\/v2\/types\/post"}],"author":[{"embeddable":true,"href":"https:\/\/www.paolobigelli.com\/de\/wp-json\/wp\/v2\/users\/1"}],"replies":[{"embeddable":true,"href":"https:\/\/www.paolobigelli.com\/de\/wp-json\/wp\/v2\/comments?post=10908"}],"version-history":[{"count":0,"href":"https:\/\/www.paolobigelli.com\/de\/wp-json\/wp\/v2\/posts\/10908\/revisions"}],"wp:featuredmedia":[{"embeddable":true,"href":"https:\/\/www.paolobigelli.com\/de\/wp-json\/wp\/v2\/media\/10070"}],"wp:attachment":[{"href":"https:\/\/www.paolobigelli.com\/de\/wp-json\/wp\/v2\/media?parent=10908"}],"wp:term":[{"taxonomy":"category","embeddable":true,"href":"https:\/\/www.paolobigelli.com\/de\/wp-json\/wp\/v2\/categories?post=10908"},{"taxonomy":"post_tag","embeddable":true,"href":"https:\/\/www.paolobigelli.com\/de\/wp-json\/wp\/v2\/tags?post=10908"}],"curies":[{"name":"wp","href":"https:\/\/api.w.org\/{rel}","templated":true}]}}